{"id":2868,"date":"2023-11-08T13:37:43","date_gmt":"2023-11-08T12:37:43","guid":{"rendered":"https:\/\/pasaenmendoza.com\/?p=2868"},"modified":"2023-11-08T13:37:44","modified_gmt":"2023-11-08T12:37:44","slug":"los-gremios-de-la-salud-orquestan-un-paro-que-podria-paralizar-hospitales-y-vacunatorios","status":"publish","type":"post","link":"https:\/\/pasaenmendoza.com\/?p=2868","title":{"rendered":"Los gremios de la salud orquestan un paro que podr\u00eda paralizar hospitales y vacunatorios"},"content":{"rendered":"\n<p>&#8220;Estamos anticipando que el\u00a0<strong>pr\u00f3ximo mi\u00e9rcoles haremos una retenci\u00f3n total de servicios, con los trabajadores manifest\u00e1ndose en las calles.\u00a0<\/strong>En puntos fijos como son los portones del Parque General San Mart\u00edn y los hospitales Central, Notti y Lagomaggiore, sin servicios tambi\u00e9n en el vacunatorio y dem\u00e1s dependencias&#8221;, anunci\u00f3 enf\u00e1tico\u00a0Roberto Macho, en secretario general de ATE\u00a0<strong>en la asamblea de este lunes.<\/strong><\/p>\n\n\n\n<p>Ese\u00a0<strong>paro convocado para el 15 de noviembre pr\u00f3ximo<\/strong>, que ser\u00e1 el corolario de varios d\u00edas de asambleas y otras medidas de fuerza,\u00a0<strong>coincidir\u00e1 con el que ya\u00a0anunci\u00f3 para el mismo d\u00eda AMPROS, el gremio que representa a los profesionales de la salud.<\/strong>\u00a0Por tanto se prev\u00e9 que de concretarse la medida ese d\u00eda los hospitales p\u00fablicos, los centros de salud y los vacunatorios funcionen s\u00f3lo con guardias de emergencia como los s\u00e1bados y domingos.<\/p>\n\n\n\n<p>La<strong>&nbsp;medida de fuerza que promete hacerse sentir se dar\u00eda a menos de un mes de que Rodolfo Suarez deje el Gobierno&nbsp;<\/strong>y complica la negociaci\u00f3n paritaria que podr\u00eda recibir Alfredo Cornejo.<\/p>\n\n\n\n<p>Desde ese rol de gobernador electo, el mismo\u00a0Cornejo ya les recomend\u00f3 a los gremios que &#8220;no hagan paro, que dialoguen\u00a0y entiendan que a esta dificultad la gener\u00f3 un p\u00e9simo gobierno nacional&#8221; y asegur\u00f3 que este Gobierno y el que viene y los restantes &#8220;pagan lo que pueden&#8221; porque no tienen la m\u00e1quina de imprimir billetes, dijo quej\u00e1ndose de la administraci\u00f3n nacional.<\/p>\n\n\n\n<p>Pese a la advertencia,&nbsp;<strong>la estrategia que acordaron ambos gremios sigue vigente luego de rechazar la segunda oferta de aumento que llev\u00f3 el Gobierno a la mesa paritaria<\/strong>&nbsp;que consist\u00eda en un incremento del&nbsp;<strong>14% para noviembre y 14% m\u00e1s para diciembre.<\/strong><\/p>\n\n\n\n<p>En el caso puntual de ATE, luego de recibir la \u00faltima oferta, el mismo Macho la rechaz\u00f3 diciendo que el aumento representaba 12 kilos de pan para los trabajadores que menos salario ten\u00edan. Cabe recordar que ese gremio representa al personal de Salud, a los empleados p\u00fablicos de la Administraci\u00f3n Central y tambi\u00e9n a los guardaparques.<\/p>\n\n\n\n<p>Por tanto esa medida y los quites de colaboraci\u00f3n que se acordaron en asambleas y que comenzar\u00e1n este jueves perjudicar\u00e1n tambi\u00e9n la atenci\u00f3n en los Registros Civiles y en las dependencias de Casa de Gobierno.<\/p>\n\n\n\n<p>&#8220;<strong>La administraci\u00f3n p\u00fablica provincial se va a concentrar ese d\u00eda en una asamblea en la totalidad del d\u00eda, sin sacar ninguna clase de pedidos o expedientes<\/strong>&#8220;, aclar\u00f3 Macho ante los delegados de ATE.<\/p>\n\n\n\n<h2 class=\"wp-block-heading\">La indignaci\u00f3n de los profesionales de la Salud<\/h2>\n\n\n\n<p>En el caso de\u00a0<strong>AMPROS<\/strong>\u00a0la decisi\u00f3n del gremio fue hacer\u00a0<strong>asambleas de una hora en todos los hospitales, centros de salud y dem\u00e1s efectores p\u00fablicos y el mismo mi\u00e9rcoles 15 concretar un paro sin asistencia a los lugares de trabajo.<\/strong><\/p>\n\n\n\n<p>La medida se adopt\u00f3 este lunes y desde el sindicato aseguraron que se debe al &#8220;descontento y la indignaci\u00f3n de todos los profesionales de la salud debido a que el Gobierno de Mendoza decidi\u00f3 ajustar con sus salarios, y desconocer el furioso aumento inflacionario que viene deprimiendo los sueldos de quienes cuidan la salud de la poblaci\u00f3n&#8221;.<\/p>\n\n\n\n<p>Al argumentar el rechazo a la propuesta de aumento del Gobierno, la secretaria general de AMPROS,<strong>&nbsp;Claudia Iturbe<\/strong>, asegur\u00f3 que seg\u00fan los n\u00fameros que manejan en el gremio &#8220;<strong>la recaudaci\u00f3n de la Provincia, durante todo el 2022 y 2023 ha sido superior a la inflaci\u00f3n y eso no se ha visto reflejada en los salarios de los profesionales<\/strong>. Por el contrario, se demuestra que hemos sido la variable de ajuste. Esto impacta fuertemente en el acceso a la salud de la poblaci\u00f3n porque disminuye el recurso humano, que termina abandonando la Salud P\u00fablica\u201d, dijo en referencia a los m\u00e9dicos que se van a trabajar a otras provincias o a pa\u00edses vecinos.<\/p>\n\n\n\n<p>A ese sindicato el Gobierno le ofreci\u00f3 un aumento de\u00a0<strong>14% sobre la asignaci\u00f3n de clase para los meses de noviembre y diciembre<\/strong>, calculado sobre la base de diciembre de 2022. Durante el primer trimestre de 2024 se propuso un incremento para los meses de enero, febrero y marzo de 2024 del 5,80% para cada mes, calculado sobre la asignaci\u00f3n de clase de diciembre de 2023, no acumulativo.<\/p>\n\n\n\n<p><strong>Fuente: www.diariouno.com.ar<\/strong><\/p>\n","protected":false},"excerpt":{"rendered":"<p>&#8220;Estamos anticipando que el\u00a0pr\u00f3ximo mi\u00e9rcoles haremos una retenci\u00f3n total de servicios, con los trabajadores manifest\u00e1ndose en las calles.\u00a0En puntos fijos como son los portones del Parque General San Mart\u00edn y los hospitales Central, Notti y Lagomaggiore, sin servicios tambi\u00e9n en el vacunatorio y dem\u00e1s dependencias&#8221;, anunci\u00f3 enf\u00e1tico\u00a0Roberto Macho, en secretario general de ATE\u00a0en la asamblea [&hellip;]<\/p>\n","protected":false},"author":2,"featured_media":2871,"comment_status":"open","ping_status":"open","sticky":false,"template":"","format":"standard","meta":[],"categories":[58],"tags":[],"_links":{"self":[{"href":"https:\/\/pasaenmendoza.com\/index.php?rest_route=\/wp\/v2\/posts\/2868"}],"collection":[{"href":"https:\/\/pasaenmendoza.com\/index.php?rest_route=\/wp\/v2\/posts"}],"about":[{"href":"https:\/\/pasaenmendoza.com\/index.php?rest_route=\/wp\/v2\/types\/post"}],"author":[{"embeddable":true,"href":"https:\/\/pasaenmendoza.com\/index.php?rest_route=\/wp\/v2\/users\/2"}],"replies":[{"embeddable":true,"href":"https:\/\/pasaenmendoza.com\/index.php?rest_route=%2Fwp%2Fv2%2Fcomments&post=2868"}],"version-history":[{"count":1,"href":"https:\/\/pasaenmendoza.com\/index.php?rest_route=\/wp\/v2\/posts\/2868\/revisions"}],"predecessor-version":[{"id":2872,"href":"https:\/\/pasaenmendoza.com\/index.php?rest_route=\/wp\/v2\/posts\/2868\/revisions\/2872"}],"wp:featuredmedia":[{"embeddable":true,"href":"https:\/\/pasaenmendoza.com\/index.php?rest_route=\/wp\/v2\/media\/2871"}],"wp:attachment":[{"href":"https:\/\/pasaenmendoza.com\/index.php?rest_route=%2Fwp%2Fv2%2Fmedia&parent=2868"}],"wp:term":[{"taxonomy":"category","embeddable":true,"href":"https:\/\/pasaenmendoza.com\/index.php?rest_route=%2Fwp%2Fv2%2Fcategories&post=2868"},{"taxonomy":"post_tag","embeddable":true,"href":"https:\/\/pasaenmendoza.com\/index.php?rest_route=%2Fwp%2Fv2%2Ftags&post=2868"}],"curies":[{"name":"wp","href":"https:\/\/api.w.org\/{rel}","templated":true}]}}