{"id":2873,"date":"2023-11-08T13:45:21","date_gmt":"2023-11-08T12:45:21","guid":{"rendered":"https:\/\/pasaenmendoza.com\/?p=2873"},"modified":"2023-11-08T13:45:22","modified_gmt":"2023-11-08T12:45:22","slug":"una-adolescente-fue-violada-en-pleno-centro-y-confirman-el-adn-del-autor","status":"publish","type":"post","link":"https:\/\/pasaenmendoza.com\/?p=2873","title":{"rendered":"Una adolescente fue violada en pleno centro y confirman el ADN del autor"},"content":{"rendered":"\n<p>\u00a0En agosto ocurri\u00f3 un atroz hecho delictivo en el centro de la ciudad de Mendoza, cuando\u00a0<strong>un hombre de 20 a\u00f1os abord\u00f3 con un arma blanca a una adolescente de 15 a\u00f1os<\/strong>\u00a0<strong>en una parada de colectivos de las calles Rioja y Buenos Aires.\u00a0<\/strong>Al parecer, su intenci\u00f3 incial era asaltarla, robarle el celular. Pero, tambi\u00e9n<strong>\u00a0la viol\u00f3<\/strong>. Este abuso sexual habr\u00eda ocurrido el mismo d\u00eda que el sospechoso, quien fue detenido, estaba siendo padre porque su esposa daba a luz en San Mart\u00edn.<\/p>\n\n\n\n<p>El ataque se produjo alrededor de las 17.30 del lunes 21 de dicho mes, cuando la adolescente esperaba el colectivo.\u00a0<strong>El sujeto la abord\u00f3, la redujo y la arrastr\u00f3 hasta una obra en construcci\u00f3n<\/strong>, ubicada en Entre R\u00edos y Salta,\u00a0<strong>donde la abus\u00f3 sexualmente, con acceso carnal<\/strong>. Luego, rob\u00f3 sus pertenencias y huy\u00f3.\u00a0<\/p>\n\n\n\n<p>Si bien se trata de un hecho de extrema gravedad, el caso no hab\u00eda salido a la luz, por una intenci\u00f3n de las autoridades de resguardar la intimidad de la v\u00edctima.&nbsp;<\/p>\n\n\n\n<p>Lo curioso del caso es que, despu\u00e9s de haber violado y asaltado a la joven,\u00a0<strong>el agresor les pidi\u00f3 ayuda a dos preventoras de la Capital<\/strong>, para poder tomarse un colectivo rumbo a San Mart\u00edn,\u00a0<strong>ya que su esposa estaba teniendo a su segunda hija en un hospital del Este<\/strong>\u00a0provincial.\u00a0<\/p>\n\n\n\n<p>Minutos despu\u00e9s,&nbsp;<strong>ambas preventoras encontraron a la adolescente, quien cont\u00f3 que fue asaltada y describi\u00f3 a su agresor<\/strong>, a quienes las dos agentes identificaron como el sujeto que encontraron minutos atr\u00e1s.&nbsp;<\/p>\n\n\n\n<p>Luego de que la menor admitiera que tambi\u00e9n hab\u00eda sido abusada, se dio aviso a la polic\u00eda y tambi\u00e9n se dio intervenci\u00f3n a los organismos adecuados para este tipo de delitos contra la integridad sexual.<\/p>\n\n\n\n<p><strong>\u00bfC\u00f3mo identificaron al sospechoso?<\/strong><\/p>\n\n\n\n<p>La identificaci\u00f3n del sujeto fue posible gracias al banco de rastros gen\u00e9ticos que Mendoza posee desde 2018. El sujeto pudo ser identificado gracias a rastros biol\u00f3gicos encontrados en la obra en construcci\u00f3n, producto de la violaci\u00f3n y dieron positivo con una detenci\u00f3n, producida tiempo atr\u00e1s. El sospechoso se llama\u00a0<strong>Armando Alfredo L\u00f3pez Rodr\u00edguez, quien hab\u00eda sido liberado por falta de antecedentes, tras un robo por el que hab\u00eda sido atrapado en 2022.<\/strong><\/p>\n\n\n\n<p>Gracias a esa detenci\u00f3n, la Justicia ten\u00eda el ADN del sujeto, junto a sus huellas dactilares, almacenadas en el banco de material gen\u00e9tico, por lo que&nbsp;<strong>el cotejo con las muestras obtenidas tras el abuso sexual dio resultado positivo en el sistema CoDIS&nbsp;<\/strong>(Combined ADN Index System) de cotejo de muestras de ADN.<\/p>\n\n\n\n<p>Tras las muestras recolectadas y el cotejo positivo de ADN, sumado al reconocimiento de L\u00f3pez Rodr\u00edguez realizado por la v\u00edctima y el testimonio de las preventoras, las pruebas en contra del sospechoso son contundentes, por lo que el juez de la causa, Diego Flamant, orden\u00f3 la prisi\u00f3n Preventiva para el acusado.<\/p>\n\n\n\n<p>Resta definir si el caso llegar\u00e1 a juicio, o ser\u00e1 dirimido en un juicio abreviado. L\u00f3pez Rodr\u00edguez est\u00e1 imputado de abuso sexual con acceso carnal agravado por el uso de arma en concurso real con robo agravado por el uso de arma.<\/p>\n\n\n\n<p><strong>Fuente: www.mendozapost.com<\/strong><\/p>\n","protected":false},"excerpt":{"rendered":"<p>\u00a0En agosto ocurri\u00f3 un atroz hecho delictivo en el centro de la ciudad de Mendoza, cuando\u00a0un hombre de 20 a\u00f1os abord\u00f3 con un arma blanca a una adolescente de 15 a\u00f1os\u00a0en una parada de colectivos de las calles Rioja y Buenos Aires.\u00a0Al parecer, su intenci\u00f3 incial era asaltarla, robarle el celular. Pero, tambi\u00e9n\u00a0la viol\u00f3. Este [&hellip;]<\/p>\n","protected":false},"author":2,"featured_media":2874,"comment_status":"open","ping_status":"open","sticky":false,"template":"","format":"standard","meta":[],"categories":[48],"tags":[],"_links":{"self":[{"href":"https:\/\/pasaenmendoza.com\/index.php?rest_route=\/wp\/v2\/posts\/2873"}],"collection":[{"href":"https:\/\/pasaenmendoza.com\/index.php?rest_route=\/wp\/v2\/posts"}],"about":[{"href":"https:\/\/pasaenmendoza.com\/index.php?rest_route=\/wp\/v2\/types\/post"}],"author":[{"embeddable":true,"href":"https:\/\/pasaenmendoza.com\/index.php?rest_route=\/wp\/v2\/users\/2"}],"replies":[{"embeddable":true,"href":"https:\/\/pasaenmendoza.com\/index.php?rest_route=%2Fwp%2Fv2%2Fcomments&post=2873"}],"version-history":[{"count":1,"href":"https:\/\/pasaenmendoza.com\/index.php?rest_route=\/wp\/v2\/posts\/2873\/revisions"}],"predecessor-version":[{"id":2875,"href":"https:\/\/pasaenmendoza.com\/index.php?rest_route=\/wp\/v2\/posts\/2873\/revisions\/2875"}],"wp:featuredmedia":[{"embeddable":true,"href":"https:\/\/pasaenmendoza.com\/index.php?rest_route=\/wp\/v2\/media\/2874"}],"wp:attachment":[{"href":"https:\/\/pasaenmendoza.com\/index.php?rest_route=%2Fwp%2Fv2%2Fmedia&parent=2873"}],"wp:term":[{"taxonomy":"category","embeddable":true,"href":"https:\/\/pasaenmendoza.com\/index.php?rest_route=%2Fwp%2Fv2%2Fcategories&post=2873"},{"taxonomy":"post_tag","embeddable":true,"href":"https:\/\/pasaenmendoza.com\/index.php?rest_route=%2Fwp%2Fv2%2Ftags&post=2873"}],"curies":[{"name":"wp","href":"https:\/\/api.w.org\/{rel}","templated":true}]}}