{"id":2880,"date":"2023-11-09T13:05:33","date_gmt":"2023-11-09T12:05:33","guid":{"rendered":"https:\/\/pasaenmendoza.com\/?p=2880"},"modified":"2023-11-09T13:05:34","modified_gmt":"2023-11-09T12:05:34","slug":"la-lista-de-las-prepagas-cuyos-afiliados-no-pagaran-la-consulta-tras-el-acuerdo-por-nuevos-aranceles","status":"publish","type":"post","link":"https:\/\/pasaenmendoza.com\/?p=2880","title":{"rendered":"La lista de las prepagas cuyos afiliados no pagar\u00e1n la consulta tras el acuerdo por nuevos aranceles"},"content":{"rendered":"\n<p>A una semana del<strong>\u00a0aumento del valor de la\u00a0consulta<\/strong>\u00a0fijada por las\u00a0<strong>asociaciones que integran el C\u00edrculo M\u00e9dico de Mendoza<\/strong>, un grupo de obras sociales, mutuales y prepagas\u00a0<strong>acord\u00f3 pagar la totalidad del arancel, fijado en $7.300<\/strong>; y<strong>\u00a0sus afiliados no tienen que abonar ning\u00fan coseguro<\/strong>\u00a0cada vez que se hacen atender en las cl\u00ednicas.<\/p>\n\n\n\n<p>Al mismo tiempo,&nbsp;<strong>se presenta otra situaci\u00f3n para los pacientes cuya cobertura m\u00e9dica no contempla la nueva suma<\/strong>&nbsp;requerida por los m\u00e9dicos y&nbsp;<strong>tienen que poner la diferencia<\/strong>&nbsp;de su bolsillo.<\/p>\n\n\n\n<p>Este medio accedi\u00f3 al listado de aquellas gerenciadoras del sistema privado que reconocen el 100% de la consulta m\u00e9dica, estas son: la Obra Social de los<strong>\u00a0Visitadores M\u00e9dicos<\/strong>\u00a0(APM);\u00a0<strong>Futbolistas<\/strong>, Obra Social de la\u00a0<strong>Sociedad Argentina de Autores y Compositores (Sadaic)<\/strong>; la Obra Social de las\u00a0<strong>Asociaciones de los Empleados de Farmacia (Osadef)<\/strong>,\u00a0<strong>Prosalud medicina privada<\/strong>, la\u00a0<strong>Uni\u00f3n Tranviaria del Automotor (UTA)<\/strong>,<strong>\u00a0Sindicato de Diarios y Revistas<\/strong>.<\/p>\n\n\n\n<p>Adem\u00e1s est\u00e1 dentro de esta n\u00f3mina la obra social del personal administrativo y t\u00e9cnico de la construcci\u00f3n y afines (<strong>Ospatca<\/strong>),&nbsp;<strong>Higea (centro de diagn\u00f3stico)<\/strong>, la Obra Social del Personal de la Industria Lechera,&nbsp;<strong>(OSPIL)<\/strong>, mutual Protecci\u00f3n Familiar, Obra Social de los Trabajadores de Seguros Sindicato del Seguro de la Rep\u00fablica Argentina Trabajadores de la Actividad Aseguradora<strong>&nbsp;(Osseg)<\/strong>&nbsp;<strong>TV. Salud&nbsp;<\/strong>y<strong>&nbsp;MediSalud<\/strong>.<\/p>\n\n\n\n<p>Por otro lado, est\u00e1n aquellas coberturas privadas que s\u00f3lo reconocen un porcentaje, luego de la implementaci\u00f3n del cobro de la consulta desde septiembre de este a\u00f1o:\u00a0<strong>Gerdanna Salud<\/strong>; la Obra Social de los Petroleros (<strong>Ospe<\/strong>); la Obra Social de los<strong>\u00a0empleados de la Universidad Tecnol\u00f3gica Nacional (Dasuten<\/strong>);\u00a0<strong>Swiss Medical<\/strong>,<strong>\u00a0Jer\u00e1rquicos<\/strong>, Obra Social de los Empresarios, Profesionales y Monotributistas (<strong>Osdepym<\/strong>),<strong>\u00a0Osde<\/strong>;\u00a0<strong>Andes Salud<\/strong>;\u00a0<strong>La Obra Social de los Empleados P\u00fablicos (OSEP<\/strong>),<strong>Unimed (Seguridad Privada)<\/strong>;\u00a0<strong>Red de seguros<\/strong>;\u00a0<strong>Galeno<\/strong>;\u00a0<strong>Medife<\/strong>,\u00a0<strong>Leal M\u00e9dica<\/strong>;\u00a0<strong>Roisa<\/strong>,\u00a0<strong>Integral<\/strong>,\u00a0<strong>Federada Salud\u00a0<\/strong>y\u00a0<strong>Medicus.<\/strong><\/p>\n\n\n\n<h2 class=\"wp-block-heading\">El conflicto de salud<\/h2>\n\n\n\n<p>A fines de agosto, distintas asociaciones m\u00e9dicas confirmaron que se fijar\u00eda un valor de la consulta m\u00ednima, buscando ser reconocida por las prepagas, mutuales y obras sociales de $6.000. Frente a la falta de acuerdo entre las partes, los pacientes comenzaron a absorber este monto.<\/p>\n\n\n\n<p>Con el transcurrir del tiempo, algunas\u00a0<strong>fueron reconociendo la totalidad del arancel o una parte.<\/strong><\/p>\n\n\n\n<p><strong>Fuente: www.diariouno.com.ar<\/strong><\/p>\n","protected":false},"excerpt":{"rendered":"<p>A una semana del\u00a0aumento del valor de la\u00a0consulta\u00a0fijada por las\u00a0asociaciones que integran el C\u00edrculo M\u00e9dico de Mendoza, un grupo de obras sociales, mutuales y prepagas\u00a0acord\u00f3 pagar la totalidad del arancel, fijado en $7.300; y\u00a0sus afiliados no tienen que abonar ning\u00fan coseguro\u00a0cada vez que se hacen atender en las cl\u00ednicas. Al mismo tiempo,&nbsp;se presenta otra situaci\u00f3n [&hellip;]<\/p>\n","protected":false},"author":2,"featured_media":2881,"comment_status":"open","ping_status":"open","sticky":false,"template":"","format":"standard","meta":[],"categories":[58],"tags":[],"_links":{"self":[{"href":"https:\/\/pasaenmendoza.com\/index.php?rest_route=\/wp\/v2\/posts\/2880"}],"collection":[{"href":"https:\/\/pasaenmendoza.com\/index.php?rest_route=\/wp\/v2\/posts"}],"about":[{"href":"https:\/\/pasaenmendoza.com\/index.php?rest_route=\/wp\/v2\/types\/post"}],"author":[{"embeddable":true,"href":"https:\/\/pasaenmendoza.com\/index.php?rest_route=\/wp\/v2\/users\/2"}],"replies":[{"embeddable":true,"href":"https:\/\/pasaenmendoza.com\/index.php?rest_route=%2Fwp%2Fv2%2Fcomments&post=2880"}],"version-history":[{"count":1,"href":"https:\/\/pasaenmendoza.com\/index.php?rest_route=\/wp\/v2\/posts\/2880\/revisions"}],"predecessor-version":[{"id":2882,"href":"https:\/\/pasaenmendoza.com\/index.php?rest_route=\/wp\/v2\/posts\/2880\/revisions\/2882"}],"wp:featuredmedia":[{"embeddable":true,"href":"https:\/\/pasaenmendoza.com\/index.php?rest_route=\/wp\/v2\/media\/2881"}],"wp:attachment":[{"href":"https:\/\/pasaenmendoza.com\/index.php?rest_route=%2Fwp%2Fv2%2Fmedia&parent=2880"}],"wp:term":[{"taxonomy":"category","embeddable":true,"href":"https:\/\/pasaenmendoza.com\/index.php?rest_route=%2Fwp%2Fv2%2Fcategories&post=2880"},{"taxonomy":"post_tag","embeddable":true,"href":"https:\/\/pasaenmendoza.com\/index.php?rest_route=%2Fwp%2Fv2%2Ftags&post=2880"}],"curies":[{"name":"wp","href":"https:\/\/api.w.org\/{rel}","templated":true}]}}