{"id":2885,"date":"2023-11-09T13:13:10","date_gmt":"2023-11-09T12:13:10","guid":{"rendered":"https:\/\/pasaenmendoza.com\/?p=2885"},"modified":"2023-11-09T13:13:11","modified_gmt":"2023-11-09T12:13:11","slug":"suarez-aseguro-que-este-jueves-llega-el-dinero-de-nacion-para-el-transporte","status":"publish","type":"post","link":"https:\/\/pasaenmendoza.com\/?p=2885","title":{"rendered":"Suarez asegur\u00f3 que este jueves llega el dinero de Naci\u00f3n para el transporte"},"content":{"rendered":"\n<p>El\u00a0<strong>Gobierno de Mendoza<\/strong>\u00a0lleva adelante un conflicto de larga data con la Naci\u00f3n, producto de una<strong>\u00a0cuantiosa deuda que mantiene la administraci\u00f3n nacional,<\/strong>\u00a0del Fondo Compensador al Transporte P\u00fablico.\u00a0<\/p>\n\n\n\n<p>Este martes, en un acto realizado en el Hospital El Carmen, donde<strong>\u00a0el gobernador actual, Rodolfo Suarez y el gobernador electo, Alfredo Cornejo<\/strong>, participaron de la\u00a0inauguraci\u00f3n de la nueva guardia del nosocomio, el mandatario provincial anticip\u00f3 que este mi\u00e9rcoles llegar\u00e1 el primero de los desembolsos de Naci\u00f3n para el transporte p\u00fablico.<\/p>\n\n\n\n<p>&#8220;<strong>Destrabamos el tema del subsidio al transporte p\u00fablico de pasajeros<\/strong>, donde hab\u00eda alguna duda con recorridos que se hab\u00edan modificado en Mendoza y, quiz\u00e1s, esto sea una excusa que encontraron para no pagarnos, pero bueno, ya empez\u00f3 a gotear y nos van a depositar ma\u00f1ana&#8221;, asegur\u00f3&nbsp;<strong>Suarez<\/strong>.<\/p>\n\n\n\n<p>El anuncio se da<strong>\u00a0luego de que el gobernador mantuviera una reuni\u00f3n con el actual ministro de Econom\u00eda de la Naci\u00f3n y candidato presidencial, Sergio Massa<\/strong>, el pasado viernes. Adem\u00e1s, tambi\u00e9n se reunieron equipos de trabajo de la Subsecretar\u00eda de Servicios P\u00fablicos provincial y del Ministerio de Transporte de Naci\u00f3n.<\/p>\n\n\n\n<p>Adem\u00e1s,\u00a0<strong>Suarez<\/strong>\u00a0confirm\u00f3 que\u00a0<strong>&#8220;Recibimos lo que es un adelanto no reembolsable de la Naci\u00f3n, que son 1.200 millones<\/strong>. Tambi\u00e9n recibimos 2 mil millones en ATN, que es un adelanto del Tesoro de la Naci\u00f3n&#8221;.\u00a0<\/p>\n\n\n\n<p>La visita de Massa, en medio de la campa\u00f1a electoral, respondi\u00f3 a la necesidad de afrontar los estragos que dejaron los graves incendios acontecidos despu\u00e9s del \u00faltimo Zonda, que dej\u00f3 a numerosas familias sin hogar, luego de que sus casas fueran alcanzadas por el fuego. Tambi\u00e9n se busca sanear los efectos ambientales en las zonas del Pedemonte.\u00a0<\/p>\n\n\n\n<p>Consultado acerca de si la visita del candidato presidencial respond\u00eda a la campa\u00f1a electoral,\u00a0<strong>Suarez<\/strong>\u00a0respondi\u00f3 que &#8220;en este caso, el incendio no eligi\u00f3 la campa\u00f1a. Ocurri\u00f3 en \u00e9poca de campa\u00f1a y cada uno tuvo que hacer lo que ten\u00eda que hacer. Ahora,\u00a0<strong>si ustedes me preguntan: \u00bfsi no hubi\u00e9ramos estado en campa\u00f1a y ocurr\u00eda el incendio, hubi\u00e9ramos tenido la ayuda? No lo s\u00e9<\/strong>&#8220;, concluy\u00f3 el gobernador.<\/p>\n\n\n\n<p>FUENTE: Mendozapost.<\/p>\n","protected":false},"excerpt":{"rendered":"<p>El\u00a0Gobierno de Mendoza\u00a0lleva adelante un conflicto de larga data con la Naci\u00f3n, producto de una\u00a0cuantiosa deuda que mantiene la administraci\u00f3n nacional,\u00a0del Fondo Compensador al Transporte P\u00fablico.\u00a0 Este martes, en un acto realizado en el Hospital El Carmen, donde\u00a0el gobernador actual, Rodolfo Suarez y el gobernador electo, Alfredo Cornejo, participaron de la\u00a0inauguraci\u00f3n de la nueva guardia [&hellip;]<\/p>\n","protected":false},"author":2,"featured_media":2890,"comment_status":"open","ping_status":"open","sticky":true,"template":"","format":"standard","meta":[],"categories":[47],"tags":[],"_links":{"self":[{"href":"https:\/\/pasaenmendoza.com\/index.php?rest_route=\/wp\/v2\/posts\/2885"}],"collection":[{"href":"https:\/\/pasaenmendoza.com\/index.php?rest_route=\/wp\/v2\/posts"}],"about":[{"href":"https:\/\/pasaenmendoza.com\/index.php?rest_route=\/wp\/v2\/types\/post"}],"author":[{"embeddable":true,"href":"https:\/\/pasaenmendoza.com\/index.php?rest_route=\/wp\/v2\/users\/2"}],"replies":[{"embeddable":true,"href":"https:\/\/pasaenmendoza.com\/index.php?rest_route=%2Fwp%2Fv2%2Fcomments&post=2885"}],"version-history":[{"count":1,"href":"https:\/\/pasaenmendoza.com\/index.php?rest_route=\/wp\/v2\/posts\/2885\/revisions"}],"predecessor-version":[{"id":2891,"href":"https:\/\/pasaenmendoza.com\/index.php?rest_route=\/wp\/v2\/posts\/2885\/revisions\/2891"}],"wp:featuredmedia":[{"embeddable":true,"href":"https:\/\/pasaenmendoza.com\/index.php?rest_route=\/wp\/v2\/media\/2890"}],"wp:attachment":[{"href":"https:\/\/pasaenmendoza.com\/index.php?rest_route=%2Fwp%2Fv2%2Fmedia&parent=2885"}],"wp:term":[{"taxonomy":"category","embeddable":true,"href":"https:\/\/pasaenmendoza.com\/index.php?rest_route=%2Fwp%2Fv2%2Fcategories&post=2885"},{"taxonomy":"post_tag","embeddable":true,"href":"https:\/\/pasaenmendoza.com\/index.php?rest_route=%2Fwp%2Fv2%2Ftags&post=2885"}],"curies":[{"name":"wp","href":"https:\/\/api.w.org\/{rel}","templated":true}]}}