{"id":2886,"date":"2023-11-09T13:11:06","date_gmt":"2023-11-09T12:11:06","guid":{"rendered":"https:\/\/pasaenmendoza.com\/?p=2886"},"modified":"2023-11-09T13:11:07","modified_gmt":"2023-11-09T12:11:07","slug":"el-ipv-anuncio-que-construira-9-casas-para-los-afectados-por-los-incendios-en-el-piedemonte","status":"publish","type":"post","link":"https:\/\/pasaenmendoza.com\/?p=2886","title":{"rendered":"El IPV anunci\u00f3 que construir\u00e1 9 casas para los afectados por los incendios en el piedemonte"},"content":{"rendered":"\n<p>El\u00a0<strong>viento Zonda<\/strong>\u00a0que origin\u00f3\u00a0<strong>incendios<\/strong>\u00a0en el piedemonte de Mendoza el s\u00e1bado 28 y el domingo 29 de octubre provoc\u00f3 enormes perdidas en el \u00e1rea natural, en hogares y en los emprendimientos tur\u00edsticos de la zona.<strong>\u00a0El Instituto Provincial de la Vivienda (IPV) les repondr\u00e1 las casas de las que se tiene registro y la construcci\u00f3n comenzar\u00e1 en diciembre.<\/strong><\/p>\n\n\n\n<p>La titular del IPV<strong>, Marta Ontanilla<\/strong>, confirm\u00f3 a&nbsp;<strong>Diario UNO<\/strong>&nbsp;que<strong>&nbsp;son 9 las viviendas que quedaron carbonizadas por la acci\u00f3n de las llamas<\/strong>&nbsp;y&nbsp;<strong>se atender\u00e1&nbsp;<\/strong>a esas familias con&nbsp;<strong>unidades habitacionales industrializadas<\/strong>.<\/p>\n\n\n\n<p>&#8220;Hemos estado trabajando en un relevamiento y son 9 las viviendas familiares que hasta ahora tenemos registradas en base\u00a0<strong>a la evaluaci\u00f3n de la Municipalidad de Luj\u00e1n y la que hicimos en conjunto con el Ministerio de Salud y Desarrollo Social&#8221;<\/strong>, detall\u00f3 Ontanilla.<\/p>\n\n\n\n<p>La funcionaria aclar\u00f3 que&nbsp;<strong>estas casas se realizar\u00e1n con fondos&nbsp;<\/strong>de la provincia y recursos&nbsp;<strong>del IPV,<\/strong>&nbsp;por lo cual se avanzar\u00e1 en la&nbsp;<strong>contrataci\u00f3n de una empresa de viviendas prefabricadas para avanzar con la reposici\u00f3n de un techo para estas familias.<\/strong><\/p>\n\n\n\n<p>El proyecto se sustenta en el&nbsp;<strong>decreto de Emergencia Ambiental y Habitacional en la provincia&nbsp;<\/strong>que implement\u00f3 el gobernador&nbsp;<strong>Rodolfo Suarez<\/strong>, a fin de dar respuesta a las necesidades de los afectados.<\/p>\n\n\n\n<p><strong>Los fondos<\/strong>&nbsp;que se solicitaron a Naci\u00f3n en Adelantos del Tesoro Nacional<strong>&nbsp;(ATN) por un monto de $2.300 millones<\/strong>, y que ingresaron el viernes de la visita del ministro de Econom\u00eda, Sergio Massa,<strong>&nbsp;se distribuir\u00e1n en asistencia a los emprendedores tur\u00edsticos de Luj\u00e1n de Cuyo.<\/strong><\/p>\n\n\n\n<p>Por otro lado, Ontanilla se\u00f1al\u00f3 que se trabaj\u00f3 con cada familia y algunas de ellas&nbsp;<strong>dieron detalles o aportaron los planos de lo que hay que reconstruir.<\/strong>&nbsp;Esta tarea se realizar\u00e1 a partir del programa&nbsp;<strong>Construyo Mi Casa<\/strong>.<\/p>\n\n\n\n<p><strong>Hay algunas estructuras que se tendr\u00e1n que demoler por riesgo de derrumbes<\/strong><\/p>\n\n\n\n<p>Para llegar al objetivo final -que es la reposici\u00f3n del inmueble- la referente de viviendas de Mendoza dijo que los&nbsp;<strong>damnificados deber\u00e1n acreditar que son propietarios del terreno o que al menos tienen una ocupaci\u00f3n pac\u00edfica.<\/strong><\/p>\n\n\n\n<p>La Municipalidad de Luj\u00e1n de Cuyo est\u00e1 limpiando la zona con mayor impacto por la acci\u00f3n del fuego y hay algunas estructuras, de lo que qued\u00f3 de las casas calcinadas, que\u00a0<strong>se tendr\u00e1n que demoler<\/strong>\u00a0por riesgo estructural que tienen.<\/p>\n\n\n\n<h2 class=\"wp-block-heading\">La reconstrucci\u00f3n de las casas quemadas en el piedemonte<\/h2>\n\n\n\n<p>Desde el IPV comentaron que las casas que se construir\u00e1n en la zona de Colonia Suiza y otra en Las Heras se realizar\u00e1n a trav\u00e9s del sistema de viviendas industrializadas.<strong>&nbsp;Se estim\u00f3 que en seis meses podr\u00edan entregarse.<\/strong><\/p>\n\n\n\n<p>&#8220;Nosotros calculamos que en menos de un mes vamos a haber iniciado la obra. Dada la urgencia, y que tenemos la herramienta del decreto de Emergencia Ambiental y Habitacional,&nbsp;<strong>podemos hacer una contrataci\u00f3n directa<\/strong>&nbsp;y empezar cu\u00e1nto antes&#8221;, subray\u00f3.<\/p>\n\n\n\n<p>El c\u00e1lculo preliminar que tiene el IPV es que<strong>\u00a0la inversi\u00f3n representa $144 millones<\/strong>, al menos con las 9 casas afectadas en un 100%, de las que se tiene relevamiento.<\/p>\n\n\n\n<h2 class=\"wp-block-heading\">Qu\u00e9 va a pasar con las caba\u00f1as afectadas por el fuego<\/h2>\n\n\n\n<p>Fuentes del Ministerio de Cultura y Turismo detallaron que&nbsp;<strong>ya se tiene el listado final del da\u00f1o: son 6 complejos afectados, 7 viviendas de alquiler temporal y 18 caba\u00f1as con destrucci\u00f3n total<\/strong>. Esta informaci\u00f3n ya est\u00e1 siendo procesada por el Ministerio de Gobierno y resta la publicaci\u00f3n de una resoluci\u00f3n que defina el procedimiento para asignar estos recursos.<\/p>\n\n\n\n<p>El presidente de la C\u00e1mara de Turismo y Comercio de la Ruta 82,&nbsp;<strong>Fabi\u00e1n Gonz\u00e1lez<\/strong>, admiti\u00f3 que la situaci\u00f3n es apremiante, teniendo en cuenta que el turismo en Mendoza se da durante todo el a\u00f1o y en el momento de los incendios&nbsp;<strong>estaba previsto que llegaran contingentes de estudiantes<\/strong>. Algunos que ya estaban en la provincia tuvieron que ser reubicados en hoteles.<\/p>\n\n\n\n<p>Un informe del Ministerio de Hacienda, al que tuvo acceso&nbsp;<strong>Diario UNO<\/strong>, arroj\u00f3 que&nbsp;<strong>la provincia recibi\u00f3 $2.300 millones en ATN<\/strong>&nbsp;y quedan pendientes $1.200 millones en Aportes No Reintegrables (ANR) espec\u00edficos para la&nbsp;<strong>f\u00e1brica Plastiandino<\/strong>&nbsp;de San Rafael, que se quem\u00f3 a mediados de a\u00f1o.<\/p>\n\n\n\n<p>&#8220;El procedimiento legal para el uso del ATN es el ingreso por el Ministerio de Gobierno, con la generaci\u00f3n del expediente y luego se publicar\u00e1 un decreto con el destino de los fondos&#8221;, explicaron.<\/p>\n\n\n\n<p><strong>Fuente: www.diariouno.com.ar<\/strong><\/p>\n","protected":false},"excerpt":{"rendered":"<p>El\u00a0viento Zonda\u00a0que origin\u00f3\u00a0incendios\u00a0en el piedemonte de Mendoza el s\u00e1bado 28 y el domingo 29 de octubre provoc\u00f3 enormes perdidas en el \u00e1rea natural, en hogares y en los emprendimientos tur\u00edsticos de la zona.\u00a0El Instituto Provincial de la Vivienda (IPV) les repondr\u00e1 las casas de las que se tiene registro y la construcci\u00f3n comenzar\u00e1 en diciembre. [&hellip;]<\/p>\n","protected":false},"author":2,"featured_media":2887,"comment_status":"open","ping_status":"open","sticky":false,"template":"","format":"standard","meta":[],"categories":[65],"tags":[],"_links":{"self":[{"href":"https:\/\/pasaenmendoza.com\/index.php?rest_route=\/wp\/v2\/posts\/2886"}],"collection":[{"href":"https:\/\/pasaenmendoza.com\/index.php?rest_route=\/wp\/v2\/posts"}],"about":[{"href":"https:\/\/pasaenmendoza.com\/index.php?rest_route=\/wp\/v2\/types\/post"}],"author":[{"embeddable":true,"href":"https:\/\/pasaenmendoza.com\/index.php?rest_route=\/wp\/v2\/users\/2"}],"replies":[{"embeddable":true,"href":"https:\/\/pasaenmendoza.com\/index.php?rest_route=%2Fwp%2Fv2%2Fcomments&post=2886"}],"version-history":[{"count":1,"href":"https:\/\/pasaenmendoza.com\/index.php?rest_route=\/wp\/v2\/posts\/2886\/revisions"}],"predecessor-version":[{"id":2888,"href":"https:\/\/pasaenmendoza.com\/index.php?rest_route=\/wp\/v2\/posts\/2886\/revisions\/2888"}],"wp:featuredmedia":[{"embeddable":true,"href":"https:\/\/pasaenmendoza.com\/index.php?rest_route=\/wp\/v2\/media\/2887"}],"wp:attachment":[{"href":"https:\/\/pasaenmendoza.com\/index.php?rest_route=%2Fwp%2Fv2%2Fmedia&parent=2886"}],"wp:term":[{"taxonomy":"category","embeddable":true,"href":"https:\/\/pasaenmendoza.com\/index.php?rest_route=%2Fwp%2Fv2%2Fcategories&post=2886"},{"taxonomy":"post_tag","embeddable":true,"href":"https:\/\/pasaenmendoza.com\/index.php?rest_route=%2Fwp%2Fv2%2Ftags&post=2886"}],"curies":[{"name":"wp","href":"https:\/\/api.w.org\/{rel}","templated":true}]}}