{"id":2892,"date":"2023-11-09T13:15:55","date_gmt":"2023-11-09T12:15:55","guid":{"rendered":"https:\/\/pasaenmendoza.com\/?p=2892"},"modified":"2023-11-09T13:15:56","modified_gmt":"2023-11-09T12:15:56","slug":"walter-bento-ya-esta-en-la-carcel-federal-de-cacheuta","status":"publish","type":"post","link":"https:\/\/pasaenmendoza.com\/?p=2892","title":{"rendered":"Walter Bento ya est\u00e1 en la c\u00e1rcel federal de Cacheuta"},"content":{"rendered":"\n<p>Pasar\u00e1 la primera noche como detenido en el pabell\u00f3n 1B de ese complejo.<\/p>\n\n\n\n<p>El ex juez<strong>&nbsp;Walter Ricardo Bento<\/strong>&nbsp;qued\u00f3 alojado en el complejo penitenciario federal de Cacheuta.<\/p>\n\n\n\n<p>Despu\u00e9s de cumplir con todos los pasos del protocolo establecido para los detenidos por causas federales, el ex magistrado acusado de liderar una banda dedicada al cobro de coimas fue enviado al penal.<\/p>\n\n\n\n<p>Bento escuch\u00f3 el fallo del Jury de Enjuiciamiento en el edificio de Avenida Espa\u00f1a y Pedro Molina y se puso a disposici\u00f3n del Tribunal Oral Federal N\u00b02, donde se desarrolla el juicio oral en su contra. Una vez conocido el veredicto y su destituci\u00f3n, se orden\u00f3 su detenci\u00f3n de manera inmediata.<\/p>\n\n\n\n<p>Desde los Tribunales Federales fue enviado para la toma de datos indentificatorios a la Delegaci\u00f3n de la Polic\u00eda Federal en Mendoza, pero luego ser trasladado a la U32. Son los calabozos de admisi\u00f3n o de tr\u00e1nsito ubicados en los tribunales federales.<\/p>\n\n\n\n<p>Unos minutos despu\u00e9s, se decidi\u00f3 que pase la primera noche detenido en el pabell\u00f3n 1B del penal federal VI.<\/p>\n\n\n\n<p>FUENTE: elsol.com.ar<\/p>\n","protected":false},"excerpt":{"rendered":"<p>Pasar\u00e1 la primera noche como detenido en el pabell\u00f3n 1B de ese complejo. El ex juez&nbsp;Walter Ricardo Bento&nbsp;qued\u00f3 alojado en el complejo penitenciario federal de Cacheuta. Despu\u00e9s de cumplir con todos los pasos del protocolo establecido para los detenidos por causas federales, el ex magistrado acusado de liderar una banda dedicada al cobro de coimas [&hellip;]<\/p>\n","protected":false},"author":2,"featured_media":2895,"comment_status":"open","ping_status":"open","sticky":true,"template":"","format":"standard","meta":[],"categories":[47],"tags":[],"_links":{"self":[{"href":"https:\/\/pasaenmendoza.com\/index.php?rest_route=\/wp\/v2\/posts\/2892"}],"collection":[{"href":"https:\/\/pasaenmendoza.com\/index.php?rest_route=\/wp\/v2\/posts"}],"about":[{"href":"https:\/\/pasaenmendoza.com\/index.php?rest_route=\/wp\/v2\/types\/post"}],"author":[{"embeddable":true,"href":"https:\/\/pasaenmendoza.com\/index.php?rest_route=\/wp\/v2\/users\/2"}],"replies":[{"embeddable":true,"href":"https:\/\/pasaenmendoza.com\/index.php?rest_route=%2Fwp%2Fv2%2Fcomments&post=2892"}],"version-history":[{"count":1,"href":"https:\/\/pasaenmendoza.com\/index.php?rest_route=\/wp\/v2\/posts\/2892\/revisions"}],"predecessor-version":[{"id":2896,"href":"https:\/\/pasaenmendoza.com\/index.php?rest_route=\/wp\/v2\/posts\/2892\/revisions\/2896"}],"wp:featuredmedia":[{"embeddable":true,"href":"https:\/\/pasaenmendoza.com\/index.php?rest_route=\/wp\/v2\/media\/2895"}],"wp:attachment":[{"href":"https:\/\/pasaenmendoza.com\/index.php?rest_route=%2Fwp%2Fv2%2Fmedia&parent=2892"}],"wp:term":[{"taxonomy":"category","embeddable":true,"href":"https:\/\/pasaenmendoza.com\/index.php?rest_route=%2Fwp%2Fv2%2Fcategories&post=2892"},{"taxonomy":"post_tag","embeddable":true,"href":"https:\/\/pasaenmendoza.com\/index.php?rest_route=%2Fwp%2Fv2%2Ftags&post=2892"}],"curies":[{"name":"wp","href":"https:\/\/api.w.org\/{rel}","templated":true}]}}