{"id":2907,"date":"2023-11-09T14:19:40","date_gmt":"2023-11-09T13:19:40","guid":{"rendered":"https:\/\/pasaenmendoza.com\/?p=2907"},"modified":"2023-11-09T14:19:41","modified_gmt":"2023-11-09T13:19:41","slug":"el-tiempo-en-mendoza-jueves-agradable-antes-de-un-viernes-con-alerta-amarilla","status":"publish","type":"post","link":"https:\/\/pasaenmendoza.com\/?p=2907","title":{"rendered":"El tiempo en Mendoza: jueves agradable antes de un viernes con alerta amarilla"},"content":{"rendered":"\n<p>El tiempo en&nbsp;<strong>Mendoza&nbsp;<\/strong>para este jueves se da en condiciones similares a la semana, sin embargo, el viernes podr\u00eda llegar con tormentas aisladas y alerta por fuertes vientos en algunos sectores de la provincia.<\/p>\n\n\n\n<p>Este&nbsp;<strong>jueves&nbsp;<\/strong>la m\u00ednima ser\u00e1 de 12 y la m\u00e1xima alcanzar\u00e1 los 31 grados, el cielo estar\u00e1 con \u201cpoca nubosidad\u201d y \u201cvientos leves del noreste\u201d.<\/p>\n\n\n\n<p>Para el\u00a0<strong>viernes\u00a0<\/strong>anticipan \u201cnubosidad variable con tormentas aisladas y descenso de la temperatura\u201d. La m\u00ednima ser\u00e1 de 15 grados y la m\u00e1xima de 30. Seg\u00fan estim\u00f3 el meteor\u00f3logo\u00a0<strong>Fernando Jara<\/strong>, se esperan \u201ctormentas aisladas hacia la tarde\u201d.<\/p>\n\n\n\n<p>En tanto, el Servicio Meteorol\u00f3gico Nacional emiti\u00f3 una alerta amarilla para este viernes por fuertes vientos hacia la tarde \u201ccon velocidades entre 60 y 70 km\/h, y r\u00e1fagas que pueden superar los 110 km\/h\u201d en Malarg\u00fce.<\/p>\n\n\n\n<p>Y precisaron:\u00a0<em>\u201cParticularmente, la zona de Malarg\u00fce se ver\u00e1 afectada por vientos del sector oeste con velocidades entre 40 y 55 km\/h, y r\u00e1fagas que pueden superar los 70 km\/h. En el resto del \u00e1rea se esperan vientos del noreste con velocidades entre 40 y 55 km\/h, y r\u00e1fagas que pueden alcanzar los 70 km\/h\u201d.<\/em><\/p>\n\n\n\n<p>Adem\u00e1s, las cordilleras de&nbsp;<strong>Malarg\u00fce&nbsp;<\/strong>y&nbsp;<strong>San Rafael&nbsp;<\/strong>est\u00e1n bajo alerta amarilla por \u201cnevadas persistentes, siendo por momentos localmente fuertes\u201d.<\/p>\n\n\n\n<p><em>\u201cSe prev\u00e9n valores de nieve acumulada entre 40 y 60 cm, pudiendo ser superados de forma localizada. Los mayores valores se esperan en los puntos m\u00e1s elevados\u201d,&nbsp;<\/em>sumaron.<\/p>\n\n\n\n<p>El\u00a0<strong>s\u00e1bado<\/strong>, en tanto, tendr\u00e9 \u201cnubosidad variable con poco cambio de la temperatura\u201d y probabilidad de<strong>\u00a0\u201cviento Zonda en el llano\u201d<\/strong>\u00a0con inestabilidad en cordillera. La m\u00e1xima ser\u00e1 de 31 grados y la m\u00ednima de 17.<\/p>\n\n\n\n<p><strong>Fuente: www.elsol.com.ar<\/strong><\/p>\n","protected":false},"excerpt":{"rendered":"<p>El tiempo en&nbsp;Mendoza&nbsp;para este jueves se da en condiciones similares a la semana, sin embargo, el viernes podr\u00eda llegar con tormentas aisladas y alerta por fuertes vientos en algunos sectores de la provincia. Este&nbsp;jueves&nbsp;la m\u00ednima ser\u00e1 de 12 y la m\u00e1xima alcanzar\u00e1 los 31 grados, el cielo estar\u00e1 con \u201cpoca nubosidad\u201d y \u201cvientos leves del [&hellip;]<\/p>\n","protected":false},"author":2,"featured_media":2908,"comment_status":"open","ping_status":"open","sticky":false,"template":"","format":"standard","meta":[],"categories":[52],"tags":[],"_links":{"self":[{"href":"https:\/\/pasaenmendoza.com\/index.php?rest_route=\/wp\/v2\/posts\/2907"}],"collection":[{"href":"https:\/\/pasaenmendoza.com\/index.php?rest_route=\/wp\/v2\/posts"}],"about":[{"href":"https:\/\/pasaenmendoza.com\/index.php?rest_route=\/wp\/v2\/types\/post"}],"author":[{"embeddable":true,"href":"https:\/\/pasaenmendoza.com\/index.php?rest_route=\/wp\/v2\/users\/2"}],"replies":[{"embeddable":true,"href":"https:\/\/pasaenmendoza.com\/index.php?rest_route=%2Fwp%2Fv2%2Fcomments&post=2907"}],"version-history":[{"count":1,"href":"https:\/\/pasaenmendoza.com\/index.php?rest_route=\/wp\/v2\/posts\/2907\/revisions"}],"predecessor-version":[{"id":2909,"href":"https:\/\/pasaenmendoza.com\/index.php?rest_route=\/wp\/v2\/posts\/2907\/revisions\/2909"}],"wp:featuredmedia":[{"embeddable":true,"href":"https:\/\/pasaenmendoza.com\/index.php?rest_route=\/wp\/v2\/media\/2908"}],"wp:attachment":[{"href":"https:\/\/pasaenmendoza.com\/index.php?rest_route=%2Fwp%2Fv2%2Fmedia&parent=2907"}],"wp:term":[{"taxonomy":"category","embeddable":true,"href":"https:\/\/pasaenmendoza.com\/index.php?rest_route=%2Fwp%2Fv2%2Fcategories&post=2907"},{"taxonomy":"post_tag","embeddable":true,"href":"https:\/\/pasaenmendoza.com\/index.php?rest_route=%2Fwp%2Fv2%2Ftags&post=2907"}],"curies":[{"name":"wp","href":"https:\/\/api.w.org\/{rel}","templated":true}]}}