{"id":2910,"date":"2023-11-09T14:23:18","date_gmt":"2023-11-09T13:23:18","guid":{"rendered":"https:\/\/pasaenmendoza.com\/?p=2910"},"modified":"2023-11-09T14:23:19","modified_gmt":"2023-11-09T13:23:19","slug":"hallaron-el-cadaver-quemado-de-un-hombre-en-guaymallen","status":"publish","type":"post","link":"https:\/\/pasaenmendoza.com\/?p=2910","title":{"rendered":"Hallaron el cad\u00e1ver quemado de un hombre en Guaymall\u00e9n"},"content":{"rendered":"\n<p>Personal de la Divisi\u00f3n Homicidios y de Cient\u00edfica de Investigaciones m\u00e1s Bomberos de Guaymall\u00e9n comenzaron a trabajar la tarde de este mi\u00e9rcoles&nbsp;<mark>en el hallazgo de un cad\u00e1ver quemado cerca del barrio Patrono Santiago, en el distrito Villa Nueva.<\/mark><\/p>\n\n\n\n<p>Se trata de un hombre de entre\u00a0<em>\u201c60 y 65 a\u00f1os\u201d<\/em>\u00a0que podr\u00eda estar relacionado con un caso de abuso sexual intrafamiliar denunciado a principios de setiembre en la Oficina Fiscal N\u00ba9, contaron fuentes policiales a<strong><em>\u00a0El Sol.<\/em><\/strong><\/p>\n\n\n\n<p>Si bien las causas del deceso no estaban del todo claras, pasadas las 19.30, las fuentes policiales aportaron que el caso comenz\u00f3 a investigarse como una muerte violenta:\u00a0<em>\u201cPodr\u00eda tratarse de un crimen o de una autoeliminaci\u00f3n\u201d,\u00a0<\/em>contaron.<\/p>\n\n\n\n<p>Por informaci\u00f3n a la que accedi\u00f3 este diario, testigos llamaron al 911 sobre un cad\u00e1ver al costado de una v\u00eda, y contra un pared\u00f3n, en zona de calles Pedro del Castillo y Pur\u00edsima.<\/p>\n\n\n\n<p>Una vez constituida en la escena, Polic\u00eda Cient\u00edfica determin\u00f3 con el paso de los minutos que podr\u00eda tratarse de una persona de sexo masculino.&nbsp;<strong>Los restos, ampliaron, estaban quemados casi en su totalidad.<\/strong><\/p>\n\n\n\n<p>Con el avance de los trabajos en la escena, trascendi\u00f3 la hip\u00f3tesis de que podr\u00eda tratarse de un hombre denunciado por abuso sexual los primeros d\u00edas de setiembre. Familiares del hombre se presentaron en el teatro del hecho y hablaron con los detectives, explicando que se encontraba \u201cdepresivo\u201d.<\/p>\n\n\n\n<p>La causa qued\u00f3 en manos de la fiscal de Homicidios<strong>\u00a0Andrea Lazo.<\/strong><\/p>\n\n\n\n<p><strong>Fuente: www.elsol.com.ar<\/strong><\/p>\n","protected":false},"excerpt":{"rendered":"<p>Personal de la Divisi\u00f3n Homicidios y de Cient\u00edfica de Investigaciones m\u00e1s Bomberos de Guaymall\u00e9n comenzaron a trabajar la tarde de este mi\u00e9rcoles&nbsp;en el hallazgo de un cad\u00e1ver quemado cerca del barrio Patrono Santiago, en el distrito Villa Nueva. Se trata de un hombre de entre\u00a0\u201c60 y 65 a\u00f1os\u201d\u00a0que podr\u00eda estar relacionado con un caso de [&hellip;]<\/p>\n","protected":false},"author":2,"featured_media":2911,"comment_status":"open","ping_status":"open","sticky":false,"template":"","format":"standard","meta":[],"categories":[48],"tags":[],"_links":{"self":[{"href":"https:\/\/pasaenmendoza.com\/index.php?rest_route=\/wp\/v2\/posts\/2910"}],"collection":[{"href":"https:\/\/pasaenmendoza.com\/index.php?rest_route=\/wp\/v2\/posts"}],"about":[{"href":"https:\/\/pasaenmendoza.com\/index.php?rest_route=\/wp\/v2\/types\/post"}],"author":[{"embeddable":true,"href":"https:\/\/pasaenmendoza.com\/index.php?rest_route=\/wp\/v2\/users\/2"}],"replies":[{"embeddable":true,"href":"https:\/\/pasaenmendoza.com\/index.php?rest_route=%2Fwp%2Fv2%2Fcomments&post=2910"}],"version-history":[{"count":1,"href":"https:\/\/pasaenmendoza.com\/index.php?rest_route=\/wp\/v2\/posts\/2910\/revisions"}],"predecessor-version":[{"id":2912,"href":"https:\/\/pasaenmendoza.com\/index.php?rest_route=\/wp\/v2\/posts\/2910\/revisions\/2912"}],"wp:featuredmedia":[{"embeddable":true,"href":"https:\/\/pasaenmendoza.com\/index.php?rest_route=\/wp\/v2\/media\/2911"}],"wp:attachment":[{"href":"https:\/\/pasaenmendoza.com\/index.php?rest_route=%2Fwp%2Fv2%2Fmedia&parent=2910"}],"wp:term":[{"taxonomy":"category","embeddable":true,"href":"https:\/\/pasaenmendoza.com\/index.php?rest_route=%2Fwp%2Fv2%2Fcategories&post=2910"},{"taxonomy":"post_tag","embeddable":true,"href":"https:\/\/pasaenmendoza.com\/index.php?rest_route=%2Fwp%2Fv2%2Ftags&post=2910"}],"curies":[{"name":"wp","href":"https:\/\/api.w.org\/{rel}","templated":true}]}}