{"id":2916,"date":"2023-11-09T14:29:45","date_gmt":"2023-11-09T13:29:45","guid":{"rendered":"https:\/\/pasaenmendoza.com\/?p=2916"},"modified":"2023-11-09T14:29:46","modified_gmt":"2023-11-09T13:29:46","slug":"balearon-al-guardia-de-seguridad-de-una-fabrica-durante-un-asalto","status":"publish","type":"post","link":"https:\/\/pasaenmendoza.com\/?p=2916","title":{"rendered":"Balearon al guardia de seguridad de una f\u00e1brica durante un asalto"},"content":{"rendered":"\n<p><mark>Un guardia de seguridad de una empresa de materiales para la construcci\u00f3n<\/mark>&nbsp;fue baleado la tarde de este mi\u00e9rcoles durante un asalto en la f\u00e1brica ubicada sobre ruta nacional 40, kil\u00f3metro 13, en Las Heras.<\/p>\n\n\n\n<p>La informaci\u00f3n policial se\u00f1ala que la v\u00edctima, de 29 a\u00f1os, fue ayudada por un camionero que se encontraba en la zona de la firma,\u00a0<strong>Industrias Chirino<\/strong>. Un llamado al 911 del testigo alert\u00f3 a los investigadores, quienes se desplazaron hasta la zona una vez que profundizaron la novedad.<\/p>\n\n\n\n<p><mark>El hombre herido cont\u00f3 a los primeros uniformados que realizaba el rond\u00edn de custodia correspondiente cuando fue abordado por tres sujetos armados<\/mark>.&nbsp;<strong>Lo amenazaron y golpearon y le dispararon para lesionarlo<\/strong>. El plomo impact\u00f3 en el brazo izquierda y lo atraves\u00f3.<\/p>\n\n\n\n<p>Con la v\u00edctima herida, le quitaron un celular marca&nbsp;<strong>Xiaomi 10 Pro<\/strong>&nbsp;y las llaves de su moto. Con el bot\u00edn en su poder, se dieron a la fuga por un descampado.<\/p>\n\n\n\n<p><mark>Una ambulancia lleg\u00f3 hasta la escena y traslad\u00f3 el guardia hasta el Hospital Espa\u00f1ol de Godoy Cruz, donde recibi\u00f3 las primeras curaciones.<\/mark><\/p>\n\n\n\n<p>En el teatro del hecho, personal policial en servicio extraordinario se encontraba realizando un relevo, explicando que se encontraba en el sector sur de la f\u00e1brica.<\/p>\n\n\n\n<p>A pesar de esto, recorrieron la zona con la intenci\u00f3n de capturar a los autores del asalto pero los resultados no fueron positivos.<\/p>\n\n\n\n<p><mark>Lo que s\u00ed detectaron fueron tres pares de huellas de calzado que podr\u00edan servir para encaminar la investigaci\u00f3n, por lo que se desplaz\u00f3 a personal de Canes, UID Las Heras y Cient\u00edfica para sumar apoyo en la b\u00fasqueda de pruebas.<\/mark><\/p>\n\n\n\n<p><strong>Fuente: www.elsol.com.ar<\/strong><\/p>\n","protected":false},"excerpt":{"rendered":"<p>Un guardia de seguridad de una empresa de materiales para la construcci\u00f3n&nbsp;fue baleado la tarde de este mi\u00e9rcoles durante un asalto en la f\u00e1brica ubicada sobre ruta nacional 40, kil\u00f3metro 13, en Las Heras. La informaci\u00f3n policial se\u00f1ala que la v\u00edctima, de 29 a\u00f1os, fue ayudada por un camionero que se encontraba en la zona [&hellip;]<\/p>\n","protected":false},"author":2,"featured_media":2917,"comment_status":"open","ping_status":"open","sticky":false,"template":"","format":"standard","meta":[],"categories":[48],"tags":[],"_links":{"self":[{"href":"https:\/\/pasaenmendoza.com\/index.php?rest_route=\/wp\/v2\/posts\/2916"}],"collection":[{"href":"https:\/\/pasaenmendoza.com\/index.php?rest_route=\/wp\/v2\/posts"}],"about":[{"href":"https:\/\/pasaenmendoza.com\/index.php?rest_route=\/wp\/v2\/types\/post"}],"author":[{"embeddable":true,"href":"https:\/\/pasaenmendoza.com\/index.php?rest_route=\/wp\/v2\/users\/2"}],"replies":[{"embeddable":true,"href":"https:\/\/pasaenmendoza.com\/index.php?rest_route=%2Fwp%2Fv2%2Fcomments&post=2916"}],"version-history":[{"count":1,"href":"https:\/\/pasaenmendoza.com\/index.php?rest_route=\/wp\/v2\/posts\/2916\/revisions"}],"predecessor-version":[{"id":2918,"href":"https:\/\/pasaenmendoza.com\/index.php?rest_route=\/wp\/v2\/posts\/2916\/revisions\/2918"}],"wp:featuredmedia":[{"embeddable":true,"href":"https:\/\/pasaenmendoza.com\/index.php?rest_route=\/wp\/v2\/media\/2917"}],"wp:attachment":[{"href":"https:\/\/pasaenmendoza.com\/index.php?rest_route=%2Fwp%2Fv2%2Fmedia&parent=2916"}],"wp:term":[{"taxonomy":"category","embeddable":true,"href":"https:\/\/pasaenmendoza.com\/index.php?rest_route=%2Fwp%2Fv2%2Fcategories&post=2916"},{"taxonomy":"post_tag","embeddable":true,"href":"https:\/\/pasaenmendoza.com\/index.php?rest_route=%2Fwp%2Fv2%2Ftags&post=2916"}],"curies":[{"name":"wp","href":"https:\/\/api.w.org\/{rel}","templated":true}]}}