{"id":2919,"date":"2023-11-10T11:49:24","date_gmt":"2023-11-10T10:49:24","guid":{"rendered":"https:\/\/pasaenmendoza.com\/?p=2919"},"modified":"2023-11-10T11:49:25","modified_gmt":"2023-11-10T10:49:25","slug":"lo-que-dejo-el-paso-de-javier-milei-por-mendoza-a-dias-del-balotaje","status":"publish","type":"post","link":"https:\/\/pasaenmendoza.com\/?p=2919","title":{"rendered":"Lo que dej\u00f3 el paso de Javier Milei por Mendoza a d\u00edas del balotaje"},"content":{"rendered":"\n<p>El candidato a presidente de La Libertad Avanza pis\u00f3 suelo mendocino este jueves y fue acompa\u00f1ado por una multitud de simpatizantes que alborotaron las calles c\u00e9ntricas.<\/p>\n\n\n\n<p>Quedan pocos\u00a0d\u00edas para que los argentinos definan qui\u00e9n ser\u00e1 el pr\u00f3ximo presidente de la Naci\u00f3n. Los candidatos\u00a0<strong>Javier Milei<\/strong>\u00a0(La Libertad Avanza) y Sergio Massa (Uni\u00f3n Por la Patria) se encuentran realizando los \u00faltimos movimientos de campa\u00f1a en la antesala de la disputa del 19 de noviembre. En el caso del diputado nacional libertario, este jueves visit\u00f3\u00a0<strong>Mendoza\u00a0<\/strong>y caus\u00f3 furor en las calles del microcentro con una fren\u00e9tica caravana que termin\u00f3 con un discurso en la plaza Independencia. Su \u00faltimo paso por Mendoza hab\u00eda sido en agosto, antes de las primarias.<\/p>\n\n\n\n<p><strong>Mendoza\u00a0<\/strong>es una de las 10 jurisdicciones en las que el libertario se impuso en los comicios del 22 de octubre, donde\u00a0obtuvo 29,98% del total de votos a nivel nacional. En la provincia cosech\u00f3 42,37%, es decir,\u00a0475.272 sufragios. Por ende, su arribo este jueves fue con intenciones de consolidar sus n\u00fameros, m\u00e1s que sumar nuevos simpatizantes.<\/p>\n\n\n\n<p><strong>Milei\u00a0<\/strong>comenz\u00f3 su traves\u00eda de una forma particular: vestido con su cl\u00e1sico buzo azul y una campera de cuero, en la previa a embarcar su vuelo con destino a Mendoza, fue interceptado por sus seguidores,\u00a0con quienes cant\u00f3\u00a0<em>a cappella<\/em>\u00a0al ritmo de una reconocida canci\u00f3n del artista Chayanne. Pasado el mediod\u00eda, aterriz\u00f3 en Mendoza, donde fue recibido por sus aliados dem\u00f3cratas. All\u00ed, tambi\u00e9n volvi\u00f3 a &#8220;posar&#8221; para las c\u00e1maras de quienes se acercaron a pedirle una fotograf\u00eda.<\/p>\n\n\n\n<p>Reci\u00e9n en horas de la tarde comenz\u00f3 su agenda pol\u00edtica. Como ocurri\u00f3 en otras provincias,\u00a0<strong>Milei\u00a0<\/strong>hizo una recorrida en las calles a bordo de una camioneta y finaliz\u00f3 con un acto. Los secuaces\u00a0del economista se concentraron\u00a0en las inmediaciones de la sede el Partido Dem\u00f3crata -en la Calle Sarmiento de la Ciudad-, a la espera del candidato presidencial. Maquetas de motosierras, banderas, billetes de US$\u00a0100 con la cara de\u00a0<strong>Milei<\/strong>, libros, disfrazes de leones, bombos y\u00a0c\u00e1nticos: algunos de los elementos de color de la tarde de campa\u00f1a.<\/p>\n\n\n\n<p>A las 18:00,\u00a0<strong>Javier\u00a0Milei\u00a0<\/strong>lleg\u00f3 a la puerta del edificio de la Polic\u00eda Federal y, con cientos de personas\u00a0abalanz\u00e1ndose sobre su persona (que despu\u00e9s se transformaron en miles), se subi\u00f3 a la caja de una camioneta para iniciar un corto trayecto de dos cuadras que culmin\u00f3 en la Plaza Independencia, sin contacto alguno con la prensa con el objetivo de no &#8220;patinar&#8221; en la recta final. Estuvo acompa\u00f1ado en todo momento por la diputada nacional y excandidata a gobernadora de la provincia de Buenos Aires, Carolina Piparo y los diputados electos mendocinos, Mercedes Llano, Facundo Correa Llano y Lourdes Arrieta.<\/p>\n\n\n\n<p>Luego, sobre un escenario en el Plaza Independencia, sostuvo: &#8220;Mendoza es fundamental en la gesta libertadora de nuestro general San Mart\u00edn&#8221;, a lo que los presentes empezaron a cantar &#8220;libertad, libertad, libertad&#8221; al un\u00edsono. &#8220;Las fuerzas del cielo siempre se van a imponer, no importa cu\u00e1n gris sea la batalla&#8221;, dijo&nbsp;<strong>Milei<\/strong>.<\/p>\n\n\n\n<p>&#8220;Venimos a traer el modelo de la libertad, ese modelo que lo llevamos tatuado en la frase de nuestro pr\u00f3cer de todos los tiempos: Alberto Benegas Lynch (hijo) que dice &#8216;el liberalismo es el respeto irrestricto de vida del pr\u00f3jimo basado en el principio de no agresi\u00f3n y en el derecho de defensa a la vida&#8221;, sum\u00f3.<\/p>\n\n\n\n<p><strong>Milei&nbsp;<\/strong>subray\u00f3 que &#8220;estamos ante la elecci\u00f3n m\u00e1s importante de los \u00faltimos 100 a\u00f1os, frente a la posibilidad de terminar el modelo de la casta, de terminar con la inflaci\u00f3n, la inseguridad y el populismo para poder poner a la Argentina de pie de una vez por todas&#8221;. En ese orden, llam\u00f3 a sus votantes a &#8220;fiscalizar&#8221;<\/p>\n\n\n\n<p>El economista seguir\u00e1 su gira por otros territorios y este domingo\u00a0se ver\u00e1 cara a cara con Sergio Massa en el \u00faltimo debate presidencial de cara al balotaje del domingo 19 de noviembre.<\/p>\n\n\n\n<p>FUENTE: Mdzonline.<\/p>\n","protected":false},"excerpt":{"rendered":"<p>El candidato a presidente de La Libertad Avanza pis\u00f3 suelo mendocino este jueves y fue acompa\u00f1ado por una multitud de simpatizantes que alborotaron las calles c\u00e9ntricas. Quedan pocos\u00a0d\u00edas para que los argentinos definan qui\u00e9n ser\u00e1 el pr\u00f3ximo presidente de la Naci\u00f3n. Los candidatos\u00a0Javier Milei\u00a0(La Libertad Avanza) y Sergio Massa (Uni\u00f3n Por la Patria) se encuentran [&hellip;]<\/p>\n","protected":false},"author":2,"featured_media":2920,"comment_status":"open","ping_status":"open","sticky":true,"template":"","format":"standard","meta":[],"categories":[47],"tags":[],"_links":{"self":[{"href":"https:\/\/pasaenmendoza.com\/index.php?rest_route=\/wp\/v2\/posts\/2919"}],"collection":[{"href":"https:\/\/pasaenmendoza.com\/index.php?rest_route=\/wp\/v2\/posts"}],"about":[{"href":"https:\/\/pasaenmendoza.com\/index.php?rest_route=\/wp\/v2\/types\/post"}],"author":[{"embeddable":true,"href":"https:\/\/pasaenmendoza.com\/index.php?rest_route=\/wp\/v2\/users\/2"}],"replies":[{"embeddable":true,"href":"https:\/\/pasaenmendoza.com\/index.php?rest_route=%2Fwp%2Fv2%2Fcomments&post=2919"}],"version-history":[{"count":1,"href":"https:\/\/pasaenmendoza.com\/index.php?rest_route=\/wp\/v2\/posts\/2919\/revisions"}],"predecessor-version":[{"id":2921,"href":"https:\/\/pasaenmendoza.com\/index.php?rest_route=\/wp\/v2\/posts\/2919\/revisions\/2921"}],"wp:featuredmedia":[{"embeddable":true,"href":"https:\/\/pasaenmendoza.com\/index.php?rest_route=\/wp\/v2\/media\/2920"}],"wp:attachment":[{"href":"https:\/\/pasaenmendoza.com\/index.php?rest_route=%2Fwp%2Fv2%2Fmedia&parent=2919"}],"wp:term":[{"taxonomy":"category","embeddable":true,"href":"https:\/\/pasaenmendoza.com\/index.php?rest_route=%2Fwp%2Fv2%2Fcategories&post=2919"},{"taxonomy":"post_tag","embeddable":true,"href":"https:\/\/pasaenmendoza.com\/index.php?rest_route=%2Fwp%2Fv2%2Ftags&post=2919"}],"curies":[{"name":"wp","href":"https:\/\/api.w.org\/{rel}","templated":true}]}}