{"id":2922,"date":"2023-11-10T11:57:50","date_gmt":"2023-11-10T10:57:50","guid":{"rendered":"https:\/\/pasaenmendoza.com\/?p=2922"},"modified":"2023-11-10T11:57:52","modified_gmt":"2023-11-10T10:57:52","slug":"despues-del-peor-dia-como-intendente-hoy-reaparece-orozco","status":"publish","type":"post","link":"https:\/\/pasaenmendoza.com\/?p=2922","title":{"rendered":"Despu\u00e9s del peor d\u00eda como intendente, hoy reaparece Orozco"},"content":{"rendered":"\n<p>Tras uno de los peores d\u00edas de su gesti\u00f3n como intendente de Las Heras, este viernes reaparecer\u00e1 p\u00fablicamente\u00a0<strong>Daniel Orozco<\/strong>\u00a0en el municipio.<\/p>\n\n\n\n<p>Ayer, tras la imputaci\u00f3n de Orozco por fraude a la administraci\u00f3n p\u00fablica en la causa &#8220;cooperativa fantasma&#8221; y la renuncia de su otrora delf\u00edn Mart\u00edn Bustos, desde el municipio convocaron a una conferencia de prensa para hoy.<\/p>\n\n\n\n<p>&#8220;El intendente de Las Heras, Dr. Daniel Orozco, brindar\u00e1 una Conferencia de Prensa este viernes 10 de noviembre desde las 10 horas en la Sala Malvinas Argentinas (San Miguel 1540). En la misma, tratar\u00e1 temas inherentes a su gesti\u00f3n&#8221;, dice el comunicado.<\/p>\n\n\n\n<p>Por el momento,<strong>&nbsp;no se sabe si Orozco estar\u00e1 acompa\u00f1ado por su esposa Janina Ortiz<\/strong>, secretaria de Gobierno de Las Heras y quien ha evitado la imputaci\u00f3n gracias a los fueros por ser diputada electa.&nbsp;<\/p>\n\n\n\n<p>Desde que se casaron, poco se los vio juntos a Orozco y Ortiz. Es m\u00e1s: la semana pasada, Ortiz convoc\u00f3 a una conferencia de prensa para defenderse ella (y solo ella). Adem\u00e1s,\u00a0ante una nota period\u00edstica de este diario que daba cuenta de los vi\u00e1ticos que sac\u00f3 el matrimonio para viajar a Buenos Aires y estar en el b\u00fanker de Sergio Massa\u00a0el 22 de octubre, desde la Secretar\u00eda de Gobierno enviaron una nota aclarando que la mujer no viaj\u00f3 y que por lo tanto no cobrar\u00eda los vi\u00e1ticos; nada se dijo del intendente.<\/p>\n\n\n\n<p>Por otra parte, este jueves por la tarde<strong>&nbsp;circularon rumores de que al menos otros tres funcionarios de Las Heras renunciar\u00edan<\/strong>&nbsp;a sus cargos, tal como hiciera Mart\u00edn Bustos. Sin embargo, uno de ellos lo desminti\u00f3 enf\u00e1ticamente.&nbsp;<\/p>\n\n\n\n<p><strong>Por qu\u00e9 imputaron a Orozco<\/strong><\/p>\n\n\n\n<p><strong>1- Orden\u00f3 en su momento que regularicen la cooperativa &#8220;Manos a la Obra&#8221;<\/strong>, que terminar\u00eda siendo beneficiada con 36 millones de pesos mediante licitaciones y contrataciones irregulares, con planillas con firmas adulteradas, entre otras anormalidades.<\/p>\n\n\n\n<p><strong>2-<\/strong>&nbsp;Adem\u00e1s, a Orozco se lo imputa porque en su momento, cuando emiti\u00f3 los decretos de las dos licitaciones y las dos contrataciones directas que &#8220;gan\u00f3&#8221; Manos a la Obra,&nbsp;<strong>no justific\u00f3 la necesidad de contratar los servicios de una cooperativa<\/strong>&nbsp;para tareas de limpieza.<\/p>\n\n\n\n<p>Su esposa y secretaria de Gobierno,\u00a0<strong>Janina Ortiz, tambi\u00e9n deber\u00eda haber sido imputada, pero tiene &#8220;inmunidad&#8221;\u00a0<\/strong>a partir de los\u00a0<strong>fueros parlamentarios<\/strong>\u00a0por ser diputada electa. Seg\u00fan el fiscal, Ortiz orden\u00f3 la ejecuci\u00f3n de pagos a la &#8220;cooperativa fantasma&#8221; (ni m\u00e1s ni menos que 36 millones de pesos) pese a las irregularidades de &#8220;Manos a la Obra&#8221;, sin la firma del intendente, y fue una de las tres integrantes de la comisi\u00f3n de pre-adjudicaci\u00f3n que dio luz verde a la maniobra fraudulenta.<\/p>\n\n\n\n<p>FUENTE: Mendozapost.<\/p>\n","protected":false},"excerpt":{"rendered":"<p>Tras uno de los peores d\u00edas de su gesti\u00f3n como intendente de Las Heras, este viernes reaparecer\u00e1 p\u00fablicamente\u00a0Daniel Orozco\u00a0en el municipio. Ayer, tras la imputaci\u00f3n de Orozco por fraude a la administraci\u00f3n p\u00fablica en la causa &#8220;cooperativa fantasma&#8221; y la renuncia de su otrora delf\u00edn Mart\u00edn Bustos, desde el municipio convocaron a una conferencia de [&hellip;]<\/p>\n","protected":false},"author":2,"featured_media":2923,"comment_status":"open","ping_status":"open","sticky":true,"template":"","format":"standard","meta":[],"categories":[47],"tags":[],"_links":{"self":[{"href":"https:\/\/pasaenmendoza.com\/index.php?rest_route=\/wp\/v2\/posts\/2922"}],"collection":[{"href":"https:\/\/pasaenmendoza.com\/index.php?rest_route=\/wp\/v2\/posts"}],"about":[{"href":"https:\/\/pasaenmendoza.com\/index.php?rest_route=\/wp\/v2\/types\/post"}],"author":[{"embeddable":true,"href":"https:\/\/pasaenmendoza.com\/index.php?rest_route=\/wp\/v2\/users\/2"}],"replies":[{"embeddable":true,"href":"https:\/\/pasaenmendoza.com\/index.php?rest_route=%2Fwp%2Fv2%2Fcomments&post=2922"}],"version-history":[{"count":1,"href":"https:\/\/pasaenmendoza.com\/index.php?rest_route=\/wp\/v2\/posts\/2922\/revisions"}],"predecessor-version":[{"id":2924,"href":"https:\/\/pasaenmendoza.com\/index.php?rest_route=\/wp\/v2\/posts\/2922\/revisions\/2924"}],"wp:featuredmedia":[{"embeddable":true,"href":"https:\/\/pasaenmendoza.com\/index.php?rest_route=\/wp\/v2\/media\/2923"}],"wp:attachment":[{"href":"https:\/\/pasaenmendoza.com\/index.php?rest_route=%2Fwp%2Fv2%2Fmedia&parent=2922"}],"wp:term":[{"taxonomy":"category","embeddable":true,"href":"https:\/\/pasaenmendoza.com\/index.php?rest_route=%2Fwp%2Fv2%2Fcategories&post=2922"},{"taxonomy":"post_tag","embeddable":true,"href":"https:\/\/pasaenmendoza.com\/index.php?rest_route=%2Fwp%2Fv2%2Ftags&post=2922"}],"curies":[{"name":"wp","href":"https:\/\/api.w.org\/{rel}","templated":true}]}}