{"id":2928,"date":"2023-11-10T12:09:36","date_gmt":"2023-11-10T11:09:36","guid":{"rendered":"https:\/\/pasaenmendoza.com\/?p=2928"},"modified":"2023-11-10T12:09:37","modified_gmt":"2023-11-10T11:09:37","slug":"el-intendente-electo-de-las-heras-anticipo-que-cuando-asuma-echara-a-140-funcionarios-politicos","status":"publish","type":"post","link":"https:\/\/pasaenmendoza.com\/?p=2928","title":{"rendered":"El intendente electo de Las Heras anticip\u00f3 que cuando asuma echar\u00e1 a 140 funcionarios pol\u00edticos"},"content":{"rendered":"\n<p>Francisco Lo Presti (UCR) consider\u00f3 que Daniel Orozco le deja &#8220;un panorama complejo&#8221;. Adem\u00e1s, neg\u00f3 que vaya a incorporar en su gobierno a Mart\u00edn Bustos, quien se alej\u00f3 de la gesti\u00f3n actual con fuertes cr\u00edticas<\/p>\n\n\n\n<p>El intendente electo de Las Heras,\u00a0<strong>Francisco Lo Presti (UCR)<\/strong>, admiti\u00f3 que est\u00e1 preocupado por la situaci\u00f3n fiscal del municipio que conducir\u00e1 a partir del 10 de diciembre y apunt\u00f3 directamente al jefe comunal saliente,\u00a0<strong>Daniel Orozco<\/strong>. &#8220;Hay un egocentrismo total en \u00e9l&#8221;, acus\u00f3.<\/p>\n\n\n\n<p>Avis\u00f3 adem\u00e1s que&nbsp;<strong>cuando asuma reducir\u00e1 la planta de funcionarios &#8220;en un 70%&#8221;<\/strong>. &#8220;Arrancaremos con 60 funcionarios y la idea es tender a la baja&#8221;, prometi\u00f3. Por simple matem\u00e1tica, eso significa que dejar\u00e1 afuera a&nbsp;<strong>unas 140 personas con cargos pol\u00edticos<\/strong>.<\/p>\n\n\n\n<p>Lo Presti fue&nbsp;<strong>vehemente<\/strong>&nbsp;durante una entrevista para el programa &#8220;Mediod\u00eda&#8221;, de Radio Nihuil, pocas horas despu\u00e9s de que se conociera&nbsp;<strong>la imputaci\u00f3n que pesa sobre Orozco<\/strong>&nbsp;por presunto&nbsp;<strong>fraude en perjuicio de la administraci\u00f3n p\u00fablica<\/strong>.<\/p>\n\n\n\n<p>Y en un\u00a0<em>bonus track<\/em>, Lo Presti neg\u00f3 que vaya a incorporar en su equipo a\u00a0<strong>Mart\u00edn Bustos<\/strong>, quien era delf\u00edn del m\u00e9dico hasta la ma\u00f1ana de este jueves, cuando renunci\u00f3 a trav\u00e9s de\u00a0una explosiva carta.<\/p>\n\n\n\n<h2 class=\"wp-block-heading\">Transici\u00f3n desordenada<\/h2>\n\n\n\n<p>El radical Lo Presti admiti\u00f3 que la&nbsp;<strong>transici\u00f3n&nbsp;<\/strong>entre la administraci\u00f3n Orozco y la suya&nbsp;<strong>no fluye como deber\u00eda<\/strong>.<\/p>\n\n\n\n<p>&#8220;Nosotros hab\u00edamos pedido un informe a la Secretar\u00eda de Obras y Servicios P\u00fablicos del municipio. Nos hablaron de la situaci\u00f3n y de la n\u00f3mina salarial. Sin embargo, result\u00f3 que\u00a0<strong>a los dos d\u00edas firmaron un acta paritaria sin informarnos<\/strong>, con un bono para los municipales del que no nos hab\u00edan hablado.\u00a0<strong>Entonces se perdi\u00f3 la confianza<\/strong>&#8220;, recapitul\u00f3.<\/p>\n\n\n\n<p>&#8220;Lo que vemos -remarc\u00f3- es un&nbsp;<strong>gran d\u00e9ficit fiscal<\/strong>. Van a tener&nbsp;<strong>problemas para finalizar los pagos correspondientes a fin de a\u00f1o<\/strong>. O sea que nos est\u00e1n dejando l\u00edos con compromisos asumidos por la comuna.<strong>&nbsp;Han dejado de pagar a los proveedores<\/strong>. Y ya no lo decimos nosotros: hoy lo ha comunicado el exsecretario de Servicios P\u00fablicos&#8221;, recalc\u00f3 en referencia a Bustos.<\/p>\n\n\n\n<p>Lo Presti record\u00f3 asimismo que \u00e9l vio signos claros de una crisis administrativa d\u00edas atr\u00e1s, cuando&nbsp;<strong>se retras\u00f3 por varias jornadas la recolecci\u00f3n de residuos en algunas \u00e1reas de Las Heras<\/strong>; incluidas, por ejemplo, las inmediaciones del Hospital Carrillo.<\/p>\n\n\n\n<p>&#8220;Los recolectores -apunt\u00f3 el dirigente- ya comunicaron que\u00a0<strong>har\u00e1n un nuevo paro a partir del domingo<\/strong>, porque no han recibido el pago que reclamaban&#8221;.<\/p>\n\n\n\n<h2 class=\"wp-block-heading\">La renuncia de Mart\u00edn Bustos y la gravitaci\u00f3n de Janina Ortiz<\/h2>\n\n\n\n<p>&#8220;Me sorprendi\u00f3 la renuncia de&nbsp;<strong>Mart\u00edn Bustos<\/strong>. No estaba al tanto de la situaci\u00f3n interna (&#8230;) La verdad es que no he podido hablar con \u00e9l, pero&nbsp;<strong>dejo claro que parte de mi gobierno no va a ser<\/strong>. Entiendo que tom\u00f3 una decisi\u00f3n personal que es consecuencia de lo que \u00e9l fue encontrando en la comuna&#8221;, subray\u00f3 Lo Presti al promediar el di\u00e1logo radial.<\/p>\n\n\n\n<p>Bustos trabajaba en el Concejo Deliberante del municipio hasta que, al producirse la ruptura entre Orozco y Cambia Mendoza,&nbsp;<strong>debi\u00f3 asumir como Secretario de Obras y Servicios P\u00fablicos y fue el candidato a la intendencia por La Uni\u00f3n Mendocina, enfrent\u00e1ndose a Lo Presti, quien particip\u00f3 de la contienda bajo el sello de Cambia Mendoza y alineado con Cornejo<\/strong>.<\/p>\n\n\n\n<p>En una misiva que dio a conocer este jueves, el ahora exfuncionario orozquista Bustos arremeti\u00f3 contra el m\u00e9dico y escribi\u00f3:\u00a0<strong>&#8220;Todo tiene un l\u00edmite, Daniel Orozco&#8221;<\/strong>.<\/p>\n\n\n\n<h2 class=\"wp-block-heading\"><strong>Cr\u00edticas que llegaron despu\u00e9s de mucho tiempo<\/strong><\/h2>\n\n\n\n<p><strong>&#8220;\u00bfEn qu\u00e9 momento se advirti\u00f3 ese cambio?<\/strong>&nbsp;Porque estamos hablando de un intendente, Orozco, que<strong>&nbsp;asumi\u00f3 hace 8 a\u00f1os<\/strong>&#8220;, le pregunt\u00f3 a Lo Presti el periodista Carlos Hern\u00e1ndez, quien conduce &#8220;Mediod\u00eda&#8221; junto a su colega Carina Scandura.<\/p>\n\n\n\n<p>Respuesta: &#8220;<strong>Nosotros nos quedamos en el mismo lado. El que se cruz\u00f3 de vereda fue Orozco, y se fue casi solo<\/strong>. Y el equipo con el que se eligi\u00f3 trabajar no estaba a la altura. No tiene que ver con una o dos o tres personas, es un conjunto. Yo denunci\u00e9 permanentemente esta falta de gesti\u00f3n durante toda la campa\u00f1a&#8221;.<\/p>\n\n\n\n<p>En cuanto a la presunta&nbsp;<strong>corrupci\u00f3n<\/strong>&nbsp;en el gobierno lasherino, el entrevistado declar\u00f3: &#8220;Todo lo que est\u00e1 ocurriendo tiene que ver con el&nbsp;<strong>egocentrismo total del intendente<\/strong>, que no tiene la apertura de escuchar y termin\u00f3 vincul\u00e1ndose con&nbsp;<strong>un c\u00edrculo cercano a su mujer<\/strong>&#8220;.<\/p>\n\n\n\n<p>Esto, en alusi\u00f3n a la pareja del m\u00e9dico,\u00a0<strong>Janina Ortiz<\/strong>, quien tambi\u00e9n result\u00f3\u00a0salpicada por denuncias de coacci\u00f3n y corrupci\u00f3n.<\/p>\n\n\n\n<h2 class=\"wp-block-heading\">El futuro de Las Heras<\/h2>\n\n\n\n<p>Aparte del&nbsp;<strong>recorte<\/strong>&nbsp;de gastos pol\u00edticos prometido, Francisco Lo Presti identific\u00f3&nbsp;<strong>dos objetivos primarios a partir del 10 de diciembre<\/strong>.<\/p>\n\n\n\n<p>&#8220;Lo primero que vamos a hacer es&nbsp;<strong>ordenar r\u00e1pidamente el municipio<\/strong>. Lo otro es no dejar de&nbsp;<strong>auditar<\/strong>&nbsp;la gesti\u00f3n que se est\u00e1 yendo, ya que consideramos que est\u00e1 muy lejos de las buenas pr\u00e1cticas de administraci\u00f3n&#8221;, dijo.<\/p>\n\n\n\n<p>&#8220;<strong>R\u00e1pidamente vamos a reducir la planta de funcionarios en un 70%, vamos a empezar con 60 funcionarios y la idea es tender a la baja<\/strong>&#8220;, remarc\u00f3. &#8220;Luego hay que organizar higiene urbana, el alumbrado p\u00fablico. No se han hecho las compras necesarias y no han tenido en cuenta la continuidad del Estado.\u00a0<strong>Porque los gobiernos pueden pasar, pero el Estado sigue siendo uno<\/strong>&#8220;.<\/p>\n\n\n\n<p>FUENTE: diariouno.com.ar<\/p>\n","protected":false},"excerpt":{"rendered":"<p>Francisco Lo Presti (UCR) consider\u00f3 que Daniel Orozco le deja &#8220;un panorama complejo&#8221;. Adem\u00e1s, neg\u00f3 que vaya a incorporar en su gobierno a Mart\u00edn Bustos, quien se alej\u00f3 de la gesti\u00f3n actual con fuertes cr\u00edticas El intendente electo de Las Heras,\u00a0Francisco Lo Presti (UCR), admiti\u00f3 que est\u00e1 preocupado por la situaci\u00f3n fiscal del municipio que [&hellip;]<\/p>\n","protected":false},"author":2,"featured_media":2929,"comment_status":"open","ping_status":"open","sticky":true,"template":"","format":"standard","meta":[],"categories":[47],"tags":[],"_links":{"self":[{"href":"https:\/\/pasaenmendoza.com\/index.php?rest_route=\/wp\/v2\/posts\/2928"}],"collection":[{"href":"https:\/\/pasaenmendoza.com\/index.php?rest_route=\/wp\/v2\/posts"}],"about":[{"href":"https:\/\/pasaenmendoza.com\/index.php?rest_route=\/wp\/v2\/types\/post"}],"author":[{"embeddable":true,"href":"https:\/\/pasaenmendoza.com\/index.php?rest_route=\/wp\/v2\/users\/2"}],"replies":[{"embeddable":true,"href":"https:\/\/pasaenmendoza.com\/index.php?rest_route=%2Fwp%2Fv2%2Fcomments&post=2928"}],"version-history":[{"count":1,"href":"https:\/\/pasaenmendoza.com\/index.php?rest_route=\/wp\/v2\/posts\/2928\/revisions"}],"predecessor-version":[{"id":2930,"href":"https:\/\/pasaenmendoza.com\/index.php?rest_route=\/wp\/v2\/posts\/2928\/revisions\/2930"}],"wp:featuredmedia":[{"embeddable":true,"href":"https:\/\/pasaenmendoza.com\/index.php?rest_route=\/wp\/v2\/media\/2929"}],"wp:attachment":[{"href":"https:\/\/pasaenmendoza.com\/index.php?rest_route=%2Fwp%2Fv2%2Fmedia&parent=2928"}],"wp:term":[{"taxonomy":"category","embeddable":true,"href":"https:\/\/pasaenmendoza.com\/index.php?rest_route=%2Fwp%2Fv2%2Fcategories&post=2928"},{"taxonomy":"post_tag","embeddable":true,"href":"https:\/\/pasaenmendoza.com\/index.php?rest_route=%2Fwp%2Fv2%2Ftags&post=2928"}],"curies":[{"name":"wp","href":"https:\/\/api.w.org\/{rel}","templated":true}]}}