{"id":2932,"date":"2023-11-10T12:54:01","date_gmt":"2023-11-10T11:54:01","guid":{"rendered":"https:\/\/pasaenmendoza.com\/?p=2932"},"modified":"2023-11-10T12:54:02","modified_gmt":"2023-11-10T11:54:02","slug":"judiciales-repudio-la-advertencia-de-cornejo-por-las-buenas-o-por-las-malas-en-paritarias","status":"publish","type":"post","link":"https:\/\/pasaenmendoza.com\/?p=2932","title":{"rendered":"Judiciales repudi\u00f3 la advertencia de Cornejo &#8220;por las buenas o por las malas&#8221; en paritarias"},"content":{"rendered":"\n<p><strong>&#8220;En mi gesti\u00f3n lo entendieron por las buenas o por las malas&#8221;.\u00a0<\/strong>Esta fue la frase del gobernador electo\u00a0<strong>Alfredo Cornejo\u00a0<\/strong>al ser consultado sobre la\u00a0<strong>negociaci\u00f3n paritaria<\/strong>\u00a0que se est\u00e1 desarrollando con los diferentes\u00a0<strong>sindicatos estatales y que hizo ruido en los profesionales de la salud y judiciales.<\/strong><\/p>\n\n\n\n<p>Los trabajadores de tribunales indicaron que se han unido con los funcionarios en no avalar el aumento planteado por el Ejecutivo y no descartaron medidas de fuerza antes de que comience la feria.<\/p>\n\n\n\n<p>Este jueves lleg\u00f3 la reacci\u00f3n del sindicato de Judiciales, a trav\u00e9s de su secretario general,<strong>&nbsp;Ricardo Babillon,<\/strong>&nbsp;en un video donde manifest\u00f3: &#8220;Judiciales recibi\u00f3 la misma propuesta salarial que viene repitiendo en todas las mesas paritarias con los sectores de la administraci\u00f3n p\u00fablica. Esto implica una oferta del 14% para noviembre, 14% para diciembre y del 5,8% para enero, febrero y marzo&#8221;.<\/p>\n\n\n\n<p>Babillon plante\u00f3 que con esta oferta, &#8220;<strong>el sueldo<\/strong>\u00a0de un judicial\u00a0<strong>se va a ver incrementado en el 80% anual,<\/strong>\u00a0mientras que\u00a0<strong>la inflaci\u00f3n<\/strong>\u00a0hoy est\u00e1 calculada por los m\u00e1s optimistas del INDEC en 150 o 160% anual, llegando en muchos casos al<strong>\u00a0200% anual<\/strong>&#8220;.<\/p>\n\n\n\n<p>Y continu\u00f3: &#8220;Si nosotros acept\u00e1ramos esto&nbsp;<strong>estar\u00edamos permitiendo que los trabajadores&nbsp;<\/strong>a diciembre<strong>&nbsp;sean 50% m\u00e1s pobre de lo que eran en diciembre del 2022<\/strong>. Esto de por s\u00ed hace que<strong>&nbsp;la propuesta sea inaceptable<\/strong>&#8220;.<\/p>\n\n\n\n<p>&#8220;Hay que considerar que el Gobierno intenta hacernos firmar un acuerdo salarial por un semestre. El mismo Gobierno es el que afirma que debe adaptarse a la situaci\u00f3n macroecon\u00f3mica del pa\u00eds y pretenden que en esta realidad firmemos a largo plazo. No lo vamos a permitir de ninguna manera y por eso ni siquiera va a ser considerada &#8220;, recalc\u00f3.<\/p>\n\n\n\n<p>Tambi\u00e9n el gremialista dispar\u00f3: &#8220;Por primera vez avizoramos que<strong>&nbsp;no vamos a tener un fin de a\u00f1o en paz<\/strong>,&nbsp;<strong>no avizoramos un fin de a\u00f1o con los juzgados abiertos<\/strong>&#8220;.<\/p>\n\n\n\n<h2 class=\"wp-block-heading\">El comunicado de judiciales<\/h2>\n\n\n\n<p>Judiciales tambi\u00e9n se<strong>&nbsp;expres\u00f3 en contra de los dichos de Cornejo<\/strong>&nbsp;y los compararon como&nbsp;<strong>acordes a los tiempos de la dictadura militar&nbsp;<\/strong>y de los procesos antidemocr\u00e1ticos.<\/p>\n\n\n\n<p>Tambi\u00e9n\u00a0<strong>le exigieron a los miembros de la Suprema Corte de Justicia<\/strong>\u00a0que &#8220;<strong>repudien\u00a0<\/strong>p\u00fablicamente las\u00a0<strong>amenazas del gobernador de Mendoza<\/strong>&#8220;.<\/p>\n\n\n\n<figure class=\"wp-block-image\"><img decoding=\"async\" src=\"https:\/\/media.diariouno.com.ar\/p\/63af594f303286819d6883723f762121\/adjuntos\/298\/imagenes\/009\/254\/0009254549\/1200x0\/smart\/img-20231109-wa0066-1jpg.jpg\" alt=\"\" title=\"\"\/><\/figure>\n\n\n\n<p>Los primeros que salieron a responderle al actual senador nacional de Juntos por el Cambio fueron las autoridades de la Asociaci\u00f3n Mendocina de Profesionales de la Salud\u00a0<strong>(AMPROS)<\/strong>. La secretaria general,\u00a0<strong>Claudia Iturbe,\u00a0<\/strong>opin\u00f3 que la frase era\u00a0<strong>&#8220;violenta y agresiva&#8221;.<\/strong><\/p>\n\n\n\n<p><strong>Fuente: www.diariouno.com.ar<\/strong><\/p>\n","protected":false},"excerpt":{"rendered":"<p>&#8220;En mi gesti\u00f3n lo entendieron por las buenas o por las malas&#8221;.\u00a0Esta fue la frase del gobernador electo\u00a0Alfredo Cornejo\u00a0al ser consultado sobre la\u00a0negociaci\u00f3n paritaria\u00a0que se est\u00e1 desarrollando con los diferentes\u00a0sindicatos estatales y que hizo ruido en los profesionales de la salud y judiciales. Los trabajadores de tribunales indicaron que se han unido con los funcionarios [&hellip;]<\/p>\n","protected":false},"author":2,"featured_media":2933,"comment_status":"open","ping_status":"open","sticky":false,"template":"","format":"standard","meta":[],"categories":[55],"tags":[],"_links":{"self":[{"href":"https:\/\/pasaenmendoza.com\/index.php?rest_route=\/wp\/v2\/posts\/2932"}],"collection":[{"href":"https:\/\/pasaenmendoza.com\/index.php?rest_route=\/wp\/v2\/posts"}],"about":[{"href":"https:\/\/pasaenmendoza.com\/index.php?rest_route=\/wp\/v2\/types\/post"}],"author":[{"embeddable":true,"href":"https:\/\/pasaenmendoza.com\/index.php?rest_route=\/wp\/v2\/users\/2"}],"replies":[{"embeddable":true,"href":"https:\/\/pasaenmendoza.com\/index.php?rest_route=%2Fwp%2Fv2%2Fcomments&post=2932"}],"version-history":[{"count":1,"href":"https:\/\/pasaenmendoza.com\/index.php?rest_route=\/wp\/v2\/posts\/2932\/revisions"}],"predecessor-version":[{"id":2934,"href":"https:\/\/pasaenmendoza.com\/index.php?rest_route=\/wp\/v2\/posts\/2932\/revisions\/2934"}],"wp:featuredmedia":[{"embeddable":true,"href":"https:\/\/pasaenmendoza.com\/index.php?rest_route=\/wp\/v2\/media\/2933"}],"wp:attachment":[{"href":"https:\/\/pasaenmendoza.com\/index.php?rest_route=%2Fwp%2Fv2%2Fmedia&parent=2932"}],"wp:term":[{"taxonomy":"category","embeddable":true,"href":"https:\/\/pasaenmendoza.com\/index.php?rest_route=%2Fwp%2Fv2%2Fcategories&post=2932"},{"taxonomy":"post_tag","embeddable":true,"href":"https:\/\/pasaenmendoza.com\/index.php?rest_route=%2Fwp%2Fv2%2Ftags&post=2932"}],"curies":[{"name":"wp","href":"https:\/\/api.w.org\/{rel}","templated":true}]}}