{"id":2939,"date":"2023-11-10T13:11:43","date_gmt":"2023-11-10T12:11:43","guid":{"rendered":"https:\/\/pasaenmendoza.com\/?p=2939"},"modified":"2023-11-10T13:11:44","modified_gmt":"2023-11-10T12:11:44","slug":"una-mendocina-jugara-el-mundial-de-balonmano-femenino-con-la-seleccion-argentina","status":"publish","type":"post","link":"https:\/\/pasaenmendoza.com\/?p=2939","title":{"rendered":"Una mendocina jugar\u00e1 el Mundial de balonmano femenino con la Selecci\u00f3n argentina"},"content":{"rendered":"\n<p>El\u00a0<strong>balonmano<\/strong> mendocino vuelve a recibir una grata noticia de la mano de\u00a0<strong>Ayel\u00e9n Garc\u00eda<\/strong>. Es que la joven mendocina forma parte de la lista de 18 jugadoras que representar\u00e1n a la Selecci\u00f3n argentina femenina en el Mundial que se disputar\u00e1 en Dinamarca, Noruega y Suecia desde el 29 de noviembre al 17 de diciembre. La representante de nuestra provincia hab\u00eda tenido una excelente actuaci\u00f3n en los Juegos Panamericanos, en donde obtuvo la medalla de plata tras caer en la final ante Brasil.<\/p>\n\n\n\n<p>En el certamen ecum\u00e9nico, La Garra formar\u00e1 parte del grupo &#8220;H&#8221; junto con Pa\u00edses Bajos, Rep\u00fablica Checa y Rep\u00fablica del Congo, una zona que no ser\u00e1 sencilla para las dirigidas por Eduardo Gallardo, quienes buscar\u00e1n quedar en lo m\u00e1s alto y acceder a la etapa decisiva del campeonato. Esta ser\u00e1 la 12\u00b0 participaci\u00f3n del combinado nacional en una Copa del Mundo y Argentina buscar\u00e1 hacer historia de la mano de Ayel\u00e9n Garc\u00eda.<\/p>\n\n\n\n<p>Para llegar de la mejor manera al campeonato, la Albiceleste jugar\u00e1 un cuadrangular internacional ante Espa\u00f1a, Serbia y Jap\u00f3n. Este torneo se llevar\u00e1 a cabo en el pa\u00eds ib\u00e9rico\u00a0 y servir\u00e1 para que el cuerpo t\u00e9cnico ajuste los \u00faltimos detalles de cara a la pr\u00f3xima cita mundialista. Dicha competencia tendr\u00e1 lugar en el Palacio de los Deportes de Santander del 24 al 26 de noviembre.<\/p>\n\n\n\n<p>Pasando en limpio, el plantel que jugar\u00e1 el Mundial estar\u00e1 integrado por: Marisol Carrat\u00fa, Ayel\u00e9n Rosalez, Leila Ni\u00f1o (arqueras),\u00a0Ayel\u00e9n Garc\u00eda, Sof\u00eda Rivadeneira, Luc\u00eda Dalle Crode, Valentina Learreta (extremos), Elke Karsten, Macarena Gandulfo, Manuela Pizzo, Malena Cavo, Luciana Mendoza (laterales), Micaela Casasola, Carolina Bono, Martina Romero (centrales), Valentina Brodsky, Giuliana Gavil\u00e1n y Roc\u00edo Campigli (pivotes).<\/p>\n\n\n\n<p><strong>Fuente: www.mdzol.com<\/strong><\/p>\n","protected":false},"excerpt":{"rendered":"<p>El\u00a0balonmano mendocino vuelve a recibir una grata noticia de la mano de\u00a0Ayel\u00e9n Garc\u00eda. Es que la joven mendocina forma parte de la lista de 18 jugadoras que representar\u00e1n a la Selecci\u00f3n argentina femenina en el Mundial que se disputar\u00e1 en Dinamarca, Noruega y Suecia desde el 29 de noviembre al 17 de diciembre. La representante [&hellip;]<\/p>\n","protected":false},"author":2,"featured_media":2940,"comment_status":"open","ping_status":"open","sticky":false,"template":"","format":"standard","meta":[],"categories":[81],"tags":[],"_links":{"self":[{"href":"https:\/\/pasaenmendoza.com\/index.php?rest_route=\/wp\/v2\/posts\/2939"}],"collection":[{"href":"https:\/\/pasaenmendoza.com\/index.php?rest_route=\/wp\/v2\/posts"}],"about":[{"href":"https:\/\/pasaenmendoza.com\/index.php?rest_route=\/wp\/v2\/types\/post"}],"author":[{"embeddable":true,"href":"https:\/\/pasaenmendoza.com\/index.php?rest_route=\/wp\/v2\/users\/2"}],"replies":[{"embeddable":true,"href":"https:\/\/pasaenmendoza.com\/index.php?rest_route=%2Fwp%2Fv2%2Fcomments&post=2939"}],"version-history":[{"count":1,"href":"https:\/\/pasaenmendoza.com\/index.php?rest_route=\/wp\/v2\/posts\/2939\/revisions"}],"predecessor-version":[{"id":2941,"href":"https:\/\/pasaenmendoza.com\/index.php?rest_route=\/wp\/v2\/posts\/2939\/revisions\/2941"}],"wp:featuredmedia":[{"embeddable":true,"href":"https:\/\/pasaenmendoza.com\/index.php?rest_route=\/wp\/v2\/media\/2940"}],"wp:attachment":[{"href":"https:\/\/pasaenmendoza.com\/index.php?rest_route=%2Fwp%2Fv2%2Fmedia&parent=2939"}],"wp:term":[{"taxonomy":"category","embeddable":true,"href":"https:\/\/pasaenmendoza.com\/index.php?rest_route=%2Fwp%2Fv2%2Fcategories&post=2939"},{"taxonomy":"post_tag","embeddable":true,"href":"https:\/\/pasaenmendoza.com\/index.php?rest_route=%2Fwp%2Fv2%2Ftags&post=2939"}],"curies":[{"name":"wp","href":"https:\/\/api.w.org\/{rel}","templated":true}]}}