{"id":2942,"date":"2023-11-10T13:19:29","date_gmt":"2023-11-10T12:19:29","guid":{"rendered":"https:\/\/pasaenmendoza.com\/?p=2942"},"modified":"2023-11-10T13:19:30","modified_gmt":"2023-11-10T12:19:30","slug":"ratificaron-el-cierre-del-tunel-a-chile-y-no-se-podra-cruzar-hasta-el-domingo","status":"publish","type":"post","link":"https:\/\/pasaenmendoza.com\/?p=2942","title":{"rendered":"Ratificaron el cierre del t\u00fanel a Chile y no se podr\u00e1 cruzar hasta el domingo"},"content":{"rendered":"\n<p>Las autoridades del Sistema Integrado\u00a0<strong>Cristo Redentor<\/strong>\u00a0ratificaron que el t\u00fanel internacional hacia\u00a0<strong>Chile se cerrar\u00e1<\/strong>\u00a0este jueves a las 21 para todo tipo de veh\u00edculos. Las condiciones del tiempo cambiaron abruptamente y ya comenzaron a aparecer la lluvia, la nieve y las bajas temperaturas.<\/p>\n\n\n\n<p>Seg\u00fan los pron\u00f3sticos del servicio meteorol\u00f3gico, la inestabilidad se adelant\u00f3 y confirmaron que el paso cerrar\u00e1 desde este mismo jueves hasta el pr\u00f3ximo domingo, inclusive.<\/p>\n\n\n\n<p>En este sentido, informaron que en las pr\u00f3ximas horas se inhabilitar\u00e1 la circulaci\u00f3n para cruzar al vecino pa\u00eds y viceversa, tanto para rodados particulares como de transporte de cargas.<\/p>\n\n\n\n<p>De esta manera, luego de la reapertura del cruce fronterizo que se produjo el \u00faltimos viernes, a menos de una semana volver\u00e1 a cerrar. Las autoridades tambi\u00e9n aclararon que, seg\u00fan lo manifestado por los especialistas del servicio meteorol\u00f3gico, las malas condiciones del tiempo pueden complicar el tr\u00e1nsito en ambos sentidos de circulaci\u00f3n.<\/p>\n\n\n\n<p>Tambi\u00e9n precisaron que el tr\u00e1nsito interno por la&nbsp;<strong>ruta 7<\/strong>&nbsp;hasta Las Cuevas estar\u00e1 autorizado mientras haya buen tiempo en la alta monta\u00f1a.&nbsp;De lo contrario, correr\u00e1 la misma suerte que el t\u00fanel Cristo Redentor.<\/p>\n\n\n\n<p>De todas formas, como siempre, desde la Coordinaci\u00f3n de Frontera volvieron a recomendar que los viajeros particulares y transporte de cargas interesados en monitorear el estado de las rutas de monta\u00f1a, tanto del lado argentino como el chileno, lo hagan a trav\u00e9s de las cuentas de Twitter\u00a0@UPFronterizos\u00a0y\u00a0CFLosLibertador.<\/p>\n\n\n\n<p><strong>Fuente: www.diariomendoza.com.ar<\/strong><\/p>\n","protected":false},"excerpt":{"rendered":"<p>Las autoridades del Sistema Integrado\u00a0Cristo Redentor\u00a0ratificaron que el t\u00fanel internacional hacia\u00a0Chile se cerrar\u00e1\u00a0este jueves a las 21 para todo tipo de veh\u00edculos. Las condiciones del tiempo cambiaron abruptamente y ya comenzaron a aparecer la lluvia, la nieve y las bajas temperaturas. Seg\u00fan los pron\u00f3sticos del servicio meteorol\u00f3gico, la inestabilidad se adelant\u00f3 y confirmaron que el [&hellip;]<\/p>\n","protected":false},"author":2,"featured_media":2943,"comment_status":"open","ping_status":"open","sticky":false,"template":"","format":"standard","meta":[],"categories":[66],"tags":[],"_links":{"self":[{"href":"https:\/\/pasaenmendoza.com\/index.php?rest_route=\/wp\/v2\/posts\/2942"}],"collection":[{"href":"https:\/\/pasaenmendoza.com\/index.php?rest_route=\/wp\/v2\/posts"}],"about":[{"href":"https:\/\/pasaenmendoza.com\/index.php?rest_route=\/wp\/v2\/types\/post"}],"author":[{"embeddable":true,"href":"https:\/\/pasaenmendoza.com\/index.php?rest_route=\/wp\/v2\/users\/2"}],"replies":[{"embeddable":true,"href":"https:\/\/pasaenmendoza.com\/index.php?rest_route=%2Fwp%2Fv2%2Fcomments&post=2942"}],"version-history":[{"count":1,"href":"https:\/\/pasaenmendoza.com\/index.php?rest_route=\/wp\/v2\/posts\/2942\/revisions"}],"predecessor-version":[{"id":2944,"href":"https:\/\/pasaenmendoza.com\/index.php?rest_route=\/wp\/v2\/posts\/2942\/revisions\/2944"}],"wp:featuredmedia":[{"embeddable":true,"href":"https:\/\/pasaenmendoza.com\/index.php?rest_route=\/wp\/v2\/media\/2943"}],"wp:attachment":[{"href":"https:\/\/pasaenmendoza.com\/index.php?rest_route=%2Fwp%2Fv2%2Fmedia&parent=2942"}],"wp:term":[{"taxonomy":"category","embeddable":true,"href":"https:\/\/pasaenmendoza.com\/index.php?rest_route=%2Fwp%2Fv2%2Fcategories&post=2942"},{"taxonomy":"post_tag","embeddable":true,"href":"https:\/\/pasaenmendoza.com\/index.php?rest_route=%2Fwp%2Fv2%2Ftags&post=2942"}],"curies":[{"name":"wp","href":"https:\/\/api.w.org\/{rel}","templated":true}]}}