{"id":2945,"date":"2023-11-10T13:59:42","date_gmt":"2023-11-10T12:59:42","guid":{"rendered":"https:\/\/pasaenmendoza.com\/?p=2945"},"modified":"2023-11-10T13:59:43","modified_gmt":"2023-11-10T12:59:43","slug":"caluroso-y-alerta-de-zonda-para-este-viernes-en-mendoza","status":"publish","type":"post","link":"https:\/\/pasaenmendoza.com\/?p=2945","title":{"rendered":"Caluroso y alerta de Zonda para este viernes en Mendoza"},"content":{"rendered":"\n<p>Este viernes se espera una jornada calurosa y con probabilidades de que el<strong>\u00a0Viento Zonda<\/strong>\u00a0descienda al llano.<\/p>\n\n\n\n<p>Desde la\u00a0Direcci\u00f3n de Contingencias Clim\u00e1ticas de Mendoza, informaron que el cielo estar\u00e1 con nubosidad variable y que se registrar\u00e1n tormentas aisladas y poco cambio de la temperatura.\u00a0<\/p>\n\n\n\n<p>Adem\u00e1s, indica que el Viento Zonda ser\u00e1 en la precordillera y con nevadas en la cordillera.<\/p>\n\n\n\n<p>La temperatura m\u00e1xima ser\u00e1 de 30 grados cent\u00edgrados y una m\u00ednima de 15 grados.<\/p>\n\n\n\n<p>Por su parte, el\u00a0Servicio Meteorol\u00f3gico Nacional (SMN)\u00a0se\u00f1ala que el cielo por la ma\u00f1ana estar\u00e1 mayormente nublado y por la tarde &#8220;ventoso&#8221;.<\/p>\n\n\n\n<p>La temperatura m\u00e1xima para el SMN ser\u00eda de 34 grados cent\u00edgrados y la m\u00ednima de 23 grados.\u00a0<\/p>\n\n\n\n<p><strong>Alerta amarillo por Zonda<\/strong><\/p>\n\n\n\n<p>El SMN indica que para los departamentos Capital, Godoy Cruz, Guaymall\u00e9n y Maip\u00fa rige un alerta amarillo por Viento Zonda.<\/p>\n\n\n\n<p>&#8220;El \u00e1rea ser\u00e1 afectada por Viento Zonda, con velocidades entre 40 y 50 km\/h, y r\u00e1fagas de hasta 75 km\/h, pudiendo ser superados en forma local. Este fen\u00f3meno puede provocar reducci\u00f3n significativa de la visibilidad, un repentino aumento de temperaturas y condiciones de muy baja humedad relativa&#8221;, informa.<\/p>\n\n\n\n<p>Por otro lado, Defensa Civil de Mendoza inform\u00f3 que contin\u00faa la probabilidad de Zonda en el Gran Mendoza, principalmente en la precordillera de Luj\u00e1n y Las Heras.<\/p>\n\n\n\n<p><strong>Fuente: www.mendozapost.com<\/strong><\/p>\n","protected":false},"excerpt":{"rendered":"<p>Este viernes se espera una jornada calurosa y con probabilidades de que el\u00a0Viento Zonda\u00a0descienda al llano. Desde la\u00a0Direcci\u00f3n de Contingencias Clim\u00e1ticas de Mendoza, informaron que el cielo estar\u00e1 con nubosidad variable y que se registrar\u00e1n tormentas aisladas y poco cambio de la temperatura.\u00a0 Adem\u00e1s, indica que el Viento Zonda ser\u00e1 en la precordillera y con [&hellip;]<\/p>\n","protected":false},"author":2,"featured_media":2946,"comment_status":"open","ping_status":"open","sticky":false,"template":"","format":"standard","meta":[],"categories":[46,52],"tags":[],"_links":{"self":[{"href":"https:\/\/pasaenmendoza.com\/index.php?rest_route=\/wp\/v2\/posts\/2945"}],"collection":[{"href":"https:\/\/pasaenmendoza.com\/index.php?rest_route=\/wp\/v2\/posts"}],"about":[{"href":"https:\/\/pasaenmendoza.com\/index.php?rest_route=\/wp\/v2\/types\/post"}],"author":[{"embeddable":true,"href":"https:\/\/pasaenmendoza.com\/index.php?rest_route=\/wp\/v2\/users\/2"}],"replies":[{"embeddable":true,"href":"https:\/\/pasaenmendoza.com\/index.php?rest_route=%2Fwp%2Fv2%2Fcomments&post=2945"}],"version-history":[{"count":1,"href":"https:\/\/pasaenmendoza.com\/index.php?rest_route=\/wp\/v2\/posts\/2945\/revisions"}],"predecessor-version":[{"id":2947,"href":"https:\/\/pasaenmendoza.com\/index.php?rest_route=\/wp\/v2\/posts\/2945\/revisions\/2947"}],"wp:featuredmedia":[{"embeddable":true,"href":"https:\/\/pasaenmendoza.com\/index.php?rest_route=\/wp\/v2\/media\/2946"}],"wp:attachment":[{"href":"https:\/\/pasaenmendoza.com\/index.php?rest_route=%2Fwp%2Fv2%2Fmedia&parent=2945"}],"wp:term":[{"taxonomy":"category","embeddable":true,"href":"https:\/\/pasaenmendoza.com\/index.php?rest_route=%2Fwp%2Fv2%2Fcategories&post=2945"},{"taxonomy":"post_tag","embeddable":true,"href":"https:\/\/pasaenmendoza.com\/index.php?rest_route=%2Fwp%2Fv2%2Ftags&post=2945"}],"curies":[{"name":"wp","href":"https:\/\/api.w.org\/{rel}","templated":true}]}}