{"id":2951,"date":"2023-11-10T14:08:49","date_gmt":"2023-11-10T13:08:49","guid":{"rendered":"https:\/\/pasaenmendoza.com\/?p=2951"},"modified":"2023-11-10T14:08:51","modified_gmt":"2023-11-10T13:08:51","slug":"que-hay-detras-en-el-caso-del-cadaver-hallado-calcinado-en-guaymallen","status":"publish","type":"post","link":"https:\/\/pasaenmendoza.com\/?p=2951","title":{"rendered":"Qu\u00e9 hay detr\u00e1s en el caso del cad\u00e1ver hallado calcinado en Guaymall\u00e9n"},"content":{"rendered":"\n<p>Un llamado alert\u00f3 al&nbsp;<strong>911&nbsp;<\/strong>sobre un principio de incendio sobre una calle tierra, cerca de las canchas del club Murialdo en Villa Nueva y contra un pared\u00f3n, a pocos metros de unas v\u00edas. Bomberos se desplazaron hasta la zona, ubicada en calle La Pur\u00edsima y Pedro del Castillo, y confirmaron las sospechas porque ya hab\u00edan sido notificados de la situaci\u00f3n cuando apagaron las llamas:&nbsp;<mark>se trataba de un cad\u00e1ver totalmente quemado, generando el hallazgo dos hip\u00f3tesis: suicidio o asesinato.<\/mark><\/p>\n\n\n\n<p>En las \u00faltimas horas, por el an\u00e1lisis del suelo (descubrieron un l\u00edquido inflamable como kerosene o similar) y sin la detecci\u00f3n de participaci\u00f3n de terceras personas en el hecho (no se hallaron pisadas sospechosas o testigos) confluyeron que<mark>\u00a0se tratar\u00eda prima facie de una autoeliminaci\u00f3n quem\u00e1ndose al estilo \u201cbonzo\u201d.<\/mark><\/p>\n\n\n\n<p>El caso revelado por\u00a0<em><strong>El Sol<\/strong><\/em>\u00a0ocurri\u00f3 este mi\u00e9rcoles por la tarde comenz\u00f3 a ser investigado por efectivos de\u00a0<strong>Homicidios\u00a0<\/strong>y la fiscal\u00a0<strong>Andrea Lazo<\/strong>. A los pocos minutos, llegaron familiares de quien ser\u00eda la v\u00edctima, un hombre de 68 a\u00f1os que habita muy cerca del sector del hallazgo.<\/p>\n\n\n\n<p>Si bien hasta este jueves no estaba confirmada formalmente la identidad -esperan por el resultado de un cotejo de&nbsp;<strong>ADN&nbsp;<\/strong>luego de practicada la correspondiente necropsia durante esta madrugada en el<strong>&nbsp;Cuerpo M\u00e9dico Forense<\/strong>-, los propios parientes, entre ellos un hijo, aportaron su nombre, domicilio, edad y hasta&nbsp;<mark>una situaci\u00f3n que lo manten\u00eda m\u00e1s que preocupado desde la tarde del 7 de setiembre de este a\u00f1o<\/mark>,&nbsp;<strong>cuando una hija lo denunci\u00f3 por abuso sexual contra una nieta que actualmente tiene 11 a\u00f1os.<\/strong><\/p>\n\n\n\n<p>La mujer, de 41 a\u00f1os y oriunda del distrito La Primavera, se present\u00f3 el citado d\u00eda a las 19.57 en la Oficina Fiscal N\u00ba19 y denunci\u00f3 ante un ayudante fiscal y un auxiliar asistente que su hija le hab\u00eda contado que\u00a0<em>\u201csu abuelo la hab\u00eda tocado abajo\u201d.<\/em><\/p>\n\n\n\n<p>En la presentaci\u00f3n relat\u00f3 que, ese d\u00eda por la ma\u00f1ana, sorprendi\u00f3 a su hija envi\u00e1ndole mensajes a un compa\u00f1ero y que la ret\u00f3. Agreg\u00f3 que la ni\u00f1a se fue a acostar y que, promediando las 11, se levant\u00f3 y le dijo que ten\u00eda la intenci\u00f3n de hablar con ella. En esa conversaci\u00f3n, le dijo que\u00a0<strong><em>\u201cel abuelo la hab\u00eda tocado abajo<\/em>\u201c<\/strong>. Ante los funcionarios judiciales se\u00f1al\u00f3 que se qued\u00f3\u00a0<em>\u201chelada\u201d\u00a0<\/em>y que no le pregunt\u00f3 nada m\u00e1s.<\/p>\n\n\n\n<p>Durante la exposici\u00f3n explic\u00f3 que su hija se dirigi\u00f3 luego a la escuela y que la llamaron las autoridades del establecimiento educativo porque<strong>&nbsp;la ni\u00f1a se encontraba llorando.&nbsp;<\/strong>Apenas lleg\u00f3 al colegio, la maestra le coment\u00f3 que&nbsp;<mark>su hija le hab\u00eda contado mientras lloraba que su abuelo la hab\u00eda abusado<\/mark>. Por todo esto, la mujer se dirigi\u00f3 a la dependencia ubicada en&nbsp;<strong>Rodeo de la Cruz<\/strong>&nbsp;e inst\u00f3 la acci\u00f3n penal.<\/p>\n\n\n\n<p>Por fuentes judiciales,<mark>\u00a0trascendi\u00f3 este jueves que el sexagenario nunca fue imputado y que s\u00f3lo le tomaron una declaraci\u00f3n informativa<\/mark>.<\/p>\n\n\n\n<p>Este mi\u00e9rcoles, luego del hallazgo del cad\u00e1ver, se conoci\u00f3 que el hombre se encontraba depresivo por esa situaci\u00f3n y que podr\u00eda haber decidido terminar con su vida.<strong>&nbsp;<\/strong>Los investigadores apuntaron la causa hacia esa direcci\u00f3n al<strong>&nbsp;confirmar que hab\u00eda dejado llaves, billetera y tel\u00e9fono celular en su domicilio del barrio San Ricardo.<\/strong><\/p>\n\n\n\n<p>A pesar de esta hip\u00f3tesis, que es la m\u00e1s fuerte,\u00a0<mark>no descartan que se haya tratado de un asesinato<\/mark>\u00a0y esperan por el resultado de estudios complementarios. En el informe preliminar de la autopsia que recibi\u00f3 Lazo en las \u00faltimas horas no se logr\u00f3 determinar si el restos presentaban alguna otra lesi\u00f3n producida con arma de fuego, cuchillo o golpes, debido a que estaban totalmente quemados.<\/p>\n\n\n\n<p><strong>Fuente: www.elsol.com.ar<\/strong><\/p>\n","protected":false},"excerpt":{"rendered":"<p>Un llamado alert\u00f3 al&nbsp;911&nbsp;sobre un principio de incendio sobre una calle tierra, cerca de las canchas del club Murialdo en Villa Nueva y contra un pared\u00f3n, a pocos metros de unas v\u00edas. Bomberos se desplazaron hasta la zona, ubicada en calle La Pur\u00edsima y Pedro del Castillo, y confirmaron las sospechas porque ya hab\u00edan sido [&hellip;]<\/p>\n","protected":false},"author":2,"featured_media":2952,"comment_status":"open","ping_status":"open","sticky":false,"template":"","format":"standard","meta":[],"categories":[48],"tags":[],"_links":{"self":[{"href":"https:\/\/pasaenmendoza.com\/index.php?rest_route=\/wp\/v2\/posts\/2951"}],"collection":[{"href":"https:\/\/pasaenmendoza.com\/index.php?rest_route=\/wp\/v2\/posts"}],"about":[{"href":"https:\/\/pasaenmendoza.com\/index.php?rest_route=\/wp\/v2\/types\/post"}],"author":[{"embeddable":true,"href":"https:\/\/pasaenmendoza.com\/index.php?rest_route=\/wp\/v2\/users\/2"}],"replies":[{"embeddable":true,"href":"https:\/\/pasaenmendoza.com\/index.php?rest_route=%2Fwp%2Fv2%2Fcomments&post=2951"}],"version-history":[{"count":1,"href":"https:\/\/pasaenmendoza.com\/index.php?rest_route=\/wp\/v2\/posts\/2951\/revisions"}],"predecessor-version":[{"id":2953,"href":"https:\/\/pasaenmendoza.com\/index.php?rest_route=\/wp\/v2\/posts\/2951\/revisions\/2953"}],"wp:featuredmedia":[{"embeddable":true,"href":"https:\/\/pasaenmendoza.com\/index.php?rest_route=\/wp\/v2\/media\/2952"}],"wp:attachment":[{"href":"https:\/\/pasaenmendoza.com\/index.php?rest_route=%2Fwp%2Fv2%2Fmedia&parent=2951"}],"wp:term":[{"taxonomy":"category","embeddable":true,"href":"https:\/\/pasaenmendoza.com\/index.php?rest_route=%2Fwp%2Fv2%2Fcategories&post=2951"},{"taxonomy":"post_tag","embeddable":true,"href":"https:\/\/pasaenmendoza.com\/index.php?rest_route=%2Fwp%2Fv2%2Ftags&post=2951"}],"curies":[{"name":"wp","href":"https:\/\/api.w.org\/{rel}","templated":true}]}}