{"id":2957,"date":"2023-11-13T12:59:40","date_gmt":"2023-11-13T11:59:40","guid":{"rendered":"https:\/\/pasaenmendoza.com\/?p=2957"},"modified":"2023-11-13T12:59:41","modified_gmt":"2023-11-13T11:59:41","slug":"vota-por-un-presidente-no-por-un-panelista-de-television-la-reaccion-del-peronismo-mendocino-al-debate-sergio-massa-vs-javier-milei","status":"publish","type":"post","link":"https:\/\/pasaenmendoza.com\/?p=2957","title":{"rendered":"&#8220;Vot\u00e1 por un presidente, no por un panelista de televisi\u00f3n&#8221;: la reacci\u00f3n del peronismo mendocino al debate Sergio Massa vs. Javier Milei"},"content":{"rendered":"\n<p>Dirigentes del justicialismo provincial expresaron su apoyo al candidato presidencial de Uni\u00f3n por la Patria.<\/p>\n\n\n\n<p>Una vez finalizado el debate electoral entre\u00a0<strong>Sergio Massa\u00a0<\/strong>y\u00a0<strong>Javier Milei<\/strong>, el\u00a0<strong>peronismo<\/strong>mendocino se pronunci\u00f3 en las redes sociales y sali\u00f3 a respaldar al candidato de Uni\u00f3n por la Patria, a una semana de que se realice el balotaje y, en consecuencia, se defina qui\u00e9n ser\u00e1 el pr\u00f3ximo presidente de la Argentina.<\/p>\n\n\n\n<p>La senadora nacional del Frente de Todos Anabel Fern\u00e1ndez Sagasti apunt\u00f3 contra el candidato de La Libertad Avanza y\u00a0manifest\u00f3 en su cuenta de X: &#8220;El capricho personal de\u00a0<strong>Milei\u00a0<\/strong>de cancelar las relaciones con China y Brasil destruir\u00eda a cientos de empresas mendocinas y miles de puestos de trabajo&#8221;.<\/p>\n\n\n\n<p>El intendente de Maip\u00fa, Mat\u00edas Stevanato, asever\u00f3: &#8220;A 7 d\u00edas del ballotage, qued\u00f3 expresamente claro que el pr\u00f3ximo presidente de todos los argentinos tiene que ser\u00a0<strong>Sergio Massa<\/strong>. Un candidato con templanza, compromiso y amor por la Patria. La Argentina necesita convivencia democr\u00e1tica, di\u00e1logo y unidad nacional&#8221;.<\/p>\n\n\n\n<p>Se sum\u00f3 el jefe comunal de San Rafael, Emir F\u00e9lix, quien asegur\u00f3 a trav\u00e9s de la misma v\u00eda: &#8220;Ha quedado claro esta noche que el 10 de diciembre los argentinos necesitan un presidente que pregona vivir mejor a trav\u00e9s de la unidad, de los acuerdos y dejando atr\u00e1s la grieta. Sergio Massa es el \u00fanico que garantiza esa realidad.\u00a0Tambi\u00e9n qued\u00f3 expuesto Milei, quien no pudiendo apelar insultos o gritos a los que nos tiene acostumbrados, cay\u00f3 en la chicana, en la descalificaci\u00f3n y qued\u00f3 vac\u00edo de propuestas.\u00a0Por la convivencia, por la paz social, el pr\u00f3ximo domingo votamos a Sergio Massa para que sea presidente&#8221;.<\/p>\n\n\n\n<p>El senador provincial y excandidato a vicegobernador, Lucas Ilardo, analiz\u00f3 que &#8220;si el domingo la gente elige en funci\u00f3n de quien est\u00e1\u00a0m\u00e1s preparado para gobernar la Argentina,\u00a0<strong>Sergio Massa\u00a0<\/strong>arrasar\u00e1 indiscutidamente. Si el domingo se elige en funci\u00f3n del odio al otro, la elecci\u00f3n ser\u00e1 re\u00f1ida. Veremos en una semana&#8221;.<\/p>\n\n\n\n<p>Por su parte, la diputada nacional Marisa Uceda subray\u00f3: &#8220;El plan jubilatorio de Milei deja a 9 de cada 10 mujeres sin derechos previsionales, sin acceso a una jubilaci\u00f3n y a la protecci\u00f3n de la seguridad social por el trabajo de toda una vida&#8221;.<\/p>\n\n\n\n<p>Fernando Ubieta, intendente de La Paz, sostuvo que &#8220;nada se logra en la vida, descalificando al adversario. Solo uno est\u00e1 preparado para ser presidente. Quiero una Argentina de di\u00e1logo, con los mejores trabajando para superar las crisis. Las grietas deben terminar, las posiciones extremas han llevado al mundo solo al desastre&#8221;.\u00a0Y a\u00f1adi\u00f3: &#8220;Vot\u00e1 por un presidente, no por un panelista de televisi\u00f3n. #MassaPresidente&#8221;.<\/p>\n\n\n\n<p>Su par de Tunuy\u00e1n, Mart\u00edn Aveiro, afirm\u00f3 que\u00a0&#8220;hay que seguir apostando a la Educaci\u00f3n p\u00fablica y de calidad&#8221;. El diputado nacional electo recientemente puntualiz\u00f3 que &#8220;es el \u00fanico camino para construir una sociedad m\u00e1s justa&#8221;.<\/p>\n\n\n\n<p>Guillermo Carmona, secretario de Malvinas, Ant\u00e1rtida y Atl\u00e1ntico Sur en la Canciller\u00eda Argentina, esgrimi\u00f3: &#8220;Queda confirmado y claro que Milei: admira a Thatcher, quien decidi\u00f3 sobre la vida de los compatriotas del ARA Belgrano (323 h\u00e9roes muertos),\u00a0est\u00e1 dispuesto a darle a los isle\u00f1os la decisi\u00f3n del futuro de #Malvinas\u00a0y dice que la guerra ha sido determinante para la soberan\u00eda&#8221;.<\/p>\n\n\n\n<p>Gabriela Lizana, de estrecha relaci\u00f3n con\u00a0<strong>Massa\u00a0<\/strong>al ser su nexo con Mendoza, cit\u00f3 al candidato de Uni\u00f3n por la Patria, quien en el debate dijo: &#8220;Quiero ser presidente porque creo que la Argentina tiene que enterrar definitivamente la grieta e ir a un acuerdo de 10 pol\u00edticas de Estado, que tiene que tener di\u00e1logo y consensos que le den previsibilidad a largo plazo&#8221;.<\/p>\n\n\n\n<p>FUENTE: Mdzonline.<\/p>\n","protected":false},"excerpt":{"rendered":"<p>Dirigentes del justicialismo provincial expresaron su apoyo al candidato presidencial de Uni\u00f3n por la Patria. Una vez finalizado el debate electoral entre\u00a0Sergio Massa\u00a0y\u00a0Javier Milei, el\u00a0peronismomendocino se pronunci\u00f3 en las redes sociales y sali\u00f3 a respaldar al candidato de Uni\u00f3n por la Patria, a una semana de que se realice el balotaje y, en consecuencia, se [&hellip;]<\/p>\n","protected":false},"author":2,"featured_media":2958,"comment_status":"open","ping_status":"open","sticky":true,"template":"","format":"standard","meta":[],"categories":[47],"tags":[],"_links":{"self":[{"href":"https:\/\/pasaenmendoza.com\/index.php?rest_route=\/wp\/v2\/posts\/2957"}],"collection":[{"href":"https:\/\/pasaenmendoza.com\/index.php?rest_route=\/wp\/v2\/posts"}],"about":[{"href":"https:\/\/pasaenmendoza.com\/index.php?rest_route=\/wp\/v2\/types\/post"}],"author":[{"embeddable":true,"href":"https:\/\/pasaenmendoza.com\/index.php?rest_route=\/wp\/v2\/users\/2"}],"replies":[{"embeddable":true,"href":"https:\/\/pasaenmendoza.com\/index.php?rest_route=%2Fwp%2Fv2%2Fcomments&post=2957"}],"version-history":[{"count":1,"href":"https:\/\/pasaenmendoza.com\/index.php?rest_route=\/wp\/v2\/posts\/2957\/revisions"}],"predecessor-version":[{"id":2959,"href":"https:\/\/pasaenmendoza.com\/index.php?rest_route=\/wp\/v2\/posts\/2957\/revisions\/2959"}],"wp:featuredmedia":[{"embeddable":true,"href":"https:\/\/pasaenmendoza.com\/index.php?rest_route=\/wp\/v2\/media\/2958"}],"wp:attachment":[{"href":"https:\/\/pasaenmendoza.com\/index.php?rest_route=%2Fwp%2Fv2%2Fmedia&parent=2957"}],"wp:term":[{"taxonomy":"category","embeddable":true,"href":"https:\/\/pasaenmendoza.com\/index.php?rest_route=%2Fwp%2Fv2%2Fcategories&post=2957"},{"taxonomy":"post_tag","embeddable":true,"href":"https:\/\/pasaenmendoza.com\/index.php?rest_route=%2Fwp%2Fv2%2Ftags&post=2957"}],"curies":[{"name":"wp","href":"https:\/\/api.w.org\/{rel}","templated":true}]}}