{"id":2960,"date":"2023-11-13T13:03:55","date_gmt":"2023-11-13T12:03:55","guid":{"rendered":"https:\/\/pasaenmendoza.com\/?p=2960"},"modified":"2023-11-13T13:03:56","modified_gmt":"2023-11-13T12:03:56","slug":"este-es-el-documento-que-oficializo-la-destitucion-del-ex-juez-walter-bento","status":"publish","type":"post","link":"https:\/\/pasaenmendoza.com\/?p=2960","title":{"rendered":"Este es el documento que oficializ\u00f3 la destituci\u00f3n del ex juez Walter Bento"},"content":{"rendered":"\n<p>Se public\u00f3 en el Bolet\u00edn Oficial el documento del Jurado de Enjuiciamiento de Magistrados de la Naci\u00f3n que marc\u00f3 el fin de la carrera judicial del removido titular del Juzgado Federal N\u00b01 de Mendoza, actualmente preso.<\/p>\n\n\n\n<p>El Consejo de la Magistratura public\u00f3 este lunes en el Bolet\u00edn Oficial de la Naci\u00f3n la resoluci\u00f3n que puso fin a la carrera judicial de\u00a0Walter Bento.<\/p>\n\n\n\n<p>El pasado mi\u00e9rcoles el \u00f3rgano resolvi\u00f3 por amplia mayor\u00eda que el ex titular del Juzgado Federal N\u00b01 de Mendoza incurri\u00f3 en&nbsp;<em>\u201cmal desempe\u00f1o\u201d<\/em>&nbsp;de sus funciones, por lo que fue removido del cargo que ocupaba desde 2005. Tras el fallo,&nbsp;<strong>Bento qued\u00f3 detenido en la c\u00e1rcel federal de Cacheuta<\/strong>, al perder la inmunidad de arresto y en el marco del juicio penal que investiga delitos graves cometidos en su desempe\u00f1o como juez.<\/p>\n\n\n\n<p><em>\u201cRemover al se\u00f1or juez Walter Ricardo Bento, titular del Juzgado Federal N\u00ba\u00a01 de Mendoza, por haber incurrido en la causal constitucional de mal desempe\u00f1o, de conformidad con lo establecido por los art\u00edculos 110 y 115 en funci\u00f3n del art\u00edculo 53 de la Constituci\u00f3n Nacional y art\u00edculo 25, incisos 2 y 5, de la ley 24.937, con costas (art\u00edculo 39 del Reglamento Procesal)\u201d<\/em>, destaca el art\u00edculo 1 del Expediente 37 del\u00a0<strong>Jurado de Enjuiciamiento de Magistrados de la Naci\u00f3n.<\/strong><\/p>\n\n\n\n<p>El jurado, designado por sorteo, estuvo integrado por los senadores&nbsp;<strong>Daniel Bensus\u00e1n<\/strong>&nbsp;(Frente Nacional y Popular) y&nbsp;<strong>Jos\u00e9 Torello<\/strong>&nbsp;(PRO); las diputadas&nbsp;<strong>Anah\u00ed Costa<\/strong>&nbsp;(Frente de Todos) y&nbsp;<strong>Ana Clara Romero<\/strong>&nbsp;(PRO); los camaristas&nbsp;<strong>Javier de la Fuente y Javier Leal de Ibarra<\/strong>&nbsp;y el abogado&nbsp;<strong>Alfredo Barrau<\/strong>.<\/p>\n\n\n\n<h2 class=\"wp-block-heading\" id=\"h-bento-removido-por-amplia-mayoria\">Bento, removido por amplia mayor\u00eda<\/h2>\n\n\n\n<p>La votaci\u00f3n termin\u00f3&nbsp;<strong>6 a 1<\/strong>&nbsp;a favor de la destituci\u00f3n de Bento. De la Fuente, presidente del tribunal, fue el \u00fanico que vot\u00f3 en disidencia al considerar que&nbsp;<em>\u201cla causal de mal desempe\u00f1o atribuida en realidad se ha basado en la comisi\u00f3n de hechos delictivos que no han sido probados\u201d.<\/em><\/p>\n\n\n\n<p>El fallo del jurado del Consejo de la Magistratura\u00a0<strong>no es apelable<\/strong>\u00a0pero incluy\u00f3, a manera de excepci\u00f3n, una solicitud a la obra social del juez para que mantenga vigente la atenci\u00f3n m\u00e9dica sobre uno de sus hijos con capacidades especiales.<\/p>\n\n\n\n<p>El jurado estim\u00f3 que el mal desempe\u00f1o de Bento qued\u00f3&nbsp;<em>\u201cacreditado en forma concluyente durante el debate oral y p\u00fablico\u201d<\/em>. En su fallo marc\u00f3 cinco fundamentos centrales que determinar la destituci\u00f3n:<\/p>\n\n\n\n<ul>\n<li><em>\u201cDesde el momento en que tom\u00f3 conocimiento de la existencia de una investigaci\u00f3n penal a su respecto, realiz\u00f3 diferentes maniobras tendientes a la interferencia y entorpecimiento del accionar judicial, inadmisibles en cabeza de un juez federal de la Naci\u00f3n\u201d<\/em>.<\/li>\n\n\n\n<li><em>\u201cProcedi\u00f3 a la venta de un inmueble omitiendo deliberadamente declarar su calidad de persona pol\u00edticamente expuesta\u201d<\/em>.<\/li>\n\n\n\n<li>Obtuvo \u201cinescrupulosamente\u201d&nbsp;<strong>un cr\u00e9dito hipotecario<\/strong>&nbsp;del Banco Naci\u00f3n, destinado para la adquisici\u00f3n de una vivienda de uso \u00fanico y familiar, cuando ya pose\u00eda varias propiedades.<\/li>\n\n\n\n<li>Omiti\u00f3 incluir informaci\u00f3n en sus&nbsp;<strong>declaraciones juradas<\/strong>&nbsp;presentadas ante el Poder Judicial de la Naci\u00f3n.<\/li>\n\n\n\n<li>\u201cContravino la normativa\u201d al&nbsp;<strong>inscribirse en un concurso<\/strong>&nbsp;para ser juez de la C\u00e1mara Federal de Casaci\u00f3n Penal, cuando no pod\u00eda hacerlo por estar siendo juzgado.<\/li>\n<\/ul>\n\n\n\n<p>Luego de la notificaci\u00f3n, y tras cumplir con los tr\u00e1mites de rigor,\u00a0<strong>Bento fue trasladado al penal federal, ubicado en Cacheuta.<\/strong>\u00a0El ex magistrado est\u00e1 procesado como l\u00edder de una asociaci\u00f3n il\u00edcita que cobraba coimas a contrabandistas y narcotraficantes presos a cambio de beneficios judiciales.<\/p>\n\n\n\n<p>En el juicio penal, Bento est\u00e1 acusado por los delitos de\u00a0<strong>asociaci\u00f3n il\u00edcita, cohecho pasivo, omisi\u00f3n y retardo de justicia, enriquecimiento il\u00edcito, lavado de activos de origen delictivo, prevaricato y falsedad ideol\u00f3gica<\/strong>. En el banquillo de los acusados est\u00e1n sentadas 30 personas, entre abogados, polic\u00edas y familiares del ex juez.<\/p>\n\n\n\n<p>FUENTE: elsol.com.ar <\/p>\n","protected":false},"excerpt":{"rendered":"<p>Se public\u00f3 en el Bolet\u00edn Oficial el documento del Jurado de Enjuiciamiento de Magistrados de la Naci\u00f3n que marc\u00f3 el fin de la carrera judicial del removido titular del Juzgado Federal N\u00b01 de Mendoza, actualmente preso. El Consejo de la Magistratura public\u00f3 este lunes en el Bolet\u00edn Oficial de la Naci\u00f3n la resoluci\u00f3n que puso [&hellip;]<\/p>\n","protected":false},"author":2,"featured_media":2961,"comment_status":"open","ping_status":"open","sticky":true,"template":"","format":"standard","meta":[],"categories":[47],"tags":[],"_links":{"self":[{"href":"https:\/\/pasaenmendoza.com\/index.php?rest_route=\/wp\/v2\/posts\/2960"}],"collection":[{"href":"https:\/\/pasaenmendoza.com\/index.php?rest_route=\/wp\/v2\/posts"}],"about":[{"href":"https:\/\/pasaenmendoza.com\/index.php?rest_route=\/wp\/v2\/types\/post"}],"author":[{"embeddable":true,"href":"https:\/\/pasaenmendoza.com\/index.php?rest_route=\/wp\/v2\/users\/2"}],"replies":[{"embeddable":true,"href":"https:\/\/pasaenmendoza.com\/index.php?rest_route=%2Fwp%2Fv2%2Fcomments&post=2960"}],"version-history":[{"count":1,"href":"https:\/\/pasaenmendoza.com\/index.php?rest_route=\/wp\/v2\/posts\/2960\/revisions"}],"predecessor-version":[{"id":2962,"href":"https:\/\/pasaenmendoza.com\/index.php?rest_route=\/wp\/v2\/posts\/2960\/revisions\/2962"}],"wp:featuredmedia":[{"embeddable":true,"href":"https:\/\/pasaenmendoza.com\/index.php?rest_route=\/wp\/v2\/media\/2961"}],"wp:attachment":[{"href":"https:\/\/pasaenmendoza.com\/index.php?rest_route=%2Fwp%2Fv2%2Fmedia&parent=2960"}],"wp:term":[{"taxonomy":"category","embeddable":true,"href":"https:\/\/pasaenmendoza.com\/index.php?rest_route=%2Fwp%2Fv2%2Fcategories&post=2960"},{"taxonomy":"post_tag","embeddable":true,"href":"https:\/\/pasaenmendoza.com\/index.php?rest_route=%2Fwp%2Fv2%2Ftags&post=2960"}],"curies":[{"name":"wp","href":"https:\/\/api.w.org\/{rel}","templated":true}]}}