{"id":2966,"date":"2023-11-13T13:15:23","date_gmt":"2023-11-13T12:15:23","guid":{"rendered":"https:\/\/pasaenmendoza.com\/?p=2966"},"modified":"2023-11-13T13:15:24","modified_gmt":"2023-11-13T12:15:24","slug":"carmona-fustigo-a-milei-por-comparar-la-guerra-de-malvinas-con-un-partido-de-futbol","status":"publish","type":"post","link":"https:\/\/pasaenmendoza.com\/?p=2966","title":{"rendered":"Carmona fustig\u00f3 a Milei por comparar la Guerra de Malvinas con un partido de f\u00fatbol"},"content":{"rendered":"\n<p>Ex combatientes y funcionarios consideraron que los dichos de Javier Milei, sobre la custi\u00f3n Malvinas, en el Debate &#8220;violan la pol\u00edtica de Estado de Argentina&#8221; y no &#8220;respetan el honor y la memoria de los ca\u00eddos&#8221;<\/p>\n\n\n\n<p><strong>Ex combatientes de Malvinas, funcionarios del \u00e1rea y referentes del oficialismo criticaron las expresiones durante\u00a0el Debate, del candidato presidencial de la Libertad Avanza, Javier Milei<\/strong>, sobre la cuesti\u00f3n Malvinas en el debate presidencial, y\u00a0<strong>consideraron que sus dichos &#8220;violan la pol\u00edtica de Estado de Argentina&#8221; y no &#8220;respetan el honor y la memoria de los ca\u00eddos&#8221;.<\/strong><\/p>\n\n\n\n<p><strong>El secretario de Malvinas, Ant\u00e1rtida y Atl\u00e1ntico Sur, Guillermo Carmona<\/strong>\u00a0expuso en su cuenta de la plataforma X: &#8220;Imperdonable comparaci\u00f3n la que hizo @JMilei de la Guerra de Malvinas con un partido de f\u00fatbol.\u00a0<strong>Comparar a Thatcher, responsable personal y directa de la muerte de 323 compatriotas del Belgrano fuera del \u00e1rea de exclusi\u00f3n, con un jugador que hizo un gol es ofensiva e inaceptable&#8221;<\/strong>.<\/p>\n\n\n\n<p>Carmona consider\u00f3 adem\u00e1s que &#8220;Milei viola la pol\u00edtica de Estado de Argentina sobre Malvinas que consagra la Disposici\u00f3n Transitoria Primera de la Constituci\u00f3n Nacional&#8221; y agreg\u00f3 el hashtag &#8220;Las Malvinas Son Argentinas&#8221;.<\/p>\n\n\n\n<p>El secretario, dependiente de la Canciller\u00eda, remarc\u00f3 que en el discurso del candidato libertario durante el debate se confirma que &#8220;admira a (la ex primer ministra brit\u00e1nica) Margareth Thatcher, quien decidi\u00f3 sobre la vida de los compatriotas del ARA Belgrano dejando 323 h\u00e9roes muertos&#8221; y que en su discurso de campa\u00f1a plante\u00f3 que &#8220;est\u00e1 dispuesto a darle a los isle\u00f1os la decisi\u00f3n del futuro de Malvinas&#8221; cuando &#8220;dice que la guerra ha sido determinante para la soberan\u00eda&#8221;.<\/p>\n\n\n\n<h2 class=\"wp-block-heading\">&#8220;Idolatra a Margaret Thatcher&#8221;<\/h2>\n\n\n\n<p>&#8220;Milei se referencia con quienes desde 1833 usurpan ilegalmente parte de nuestro territorio e idolatra a Margaret Thatcher responsable de la muerte de 634 soldados que es enemiga de los argentinos. \u00bfEstamos dispuestos los argentinos que habitamos este suelo con una inmensidad de recursos darles la posibilidad mediante el voto universal a quienes, con viejos patrones de colonizaci\u00f3n pol\u00edtica y cultura de la entrega, hagan de la Argentina un no pa\u00eds?&#8221;, se pregunt\u00f3 el Centro de Excombatientes de Malvinas (Cecim) de La Plata.<\/p>\n\n\n\n<p>Los excombatientes agregaron: &#8220;Encontramos en todos sus dirigentes, comenzando por Milei, su candidata a vicepresidenta Victoria Villarruel y los que integraron las listas electivas, un denominador com\u00fan que es el odio y desprecio a toda persona que no coincida con sus ideas y expresiones pol\u00edticas&#8221; y expresaron: &#8220;Defendemos una Argentina Soberana con un amplio sentido social, No Votamos A Milei. Nuestro voto es para Sergio Massa. Por los pibes de Malvinas que jam\u00e1s olvidaremos&#8221;.<\/p>\n\n\n\n<p>Por su parte, el gobernador de Tierra del Fuego, Gustavo Melella, caracteriz\u00f3 en la misma red social como &#8220;lamentable&#8221; las expresiones de Milei sobre Malvinas y record\u00f3 que en declaraciones a la prensa dijo &#8220;admirar a Margaret Thatcher&#8221; quien durante la guerra de Malvinas dio la orden de atacar el ARA General Belgrano &#8220;terminando con la vida de 323 tripulantes Argentinos&#8221;.<\/p>\n\n\n\n<p>&#8220;A los fueguinos y las fueguinas sus expresiones nos averg\u00fcenzan y provocan un profundo rechazo&#8221;, enfatiz\u00f3 en su mensaje el gobernador de Tierra del Fuero y agreg\u00f3 que &#8220;no podemos permitir que no se respete el honor y la memoria de los Ca\u00eddos y a los Veteranos de Guerra de Malvinas&#8221;.<\/p>\n\n\n\n<p>&#8220;Las Malvinas fueron, son y ser\u00e1n Argentinas&#8221;, resumi\u00f3.<\/p>\n\n\n\n<p>En tanto una publicaci\u00f3n en su cuenta de X, titulada &#8220;El le\u00f3n domado y el maullido del gato&#8221;, el referente del Frente Patria Grande Juan Grabois sostuvo: &#8220;Ante todo, Margaret Thatcher es una criminal de guerra que asesin\u00f3 a m\u00e1s de 300 de soldados argentinos en el hundimiento del ARA Belgrano, 36 millas fuera de la zona de exclusi\u00f3n mar\u00edtima fijada por el gobierno de Gran Breta\u00f1a. Si es tu \u00eddola, no sos argentino&#8221;.<\/p>\n\n\n\n<p>&#8220;Ya con eso solo, este tipo no puede gobernar el pa\u00eds. Es una profunda falta de respeto a la sangre argentina derramada por el invasor&#8221;, a\u00f1adi\u00f3 Grabois.<\/p>\n\n\n\n<p>Tambi\u00e9n la diputada de la cuidad de Buenos Aires, Victoria Montenegro se hizo eco de este contrapunto de Javier Milei y a Sergio Massa durante el debate presidencial: &#8220;Milei acaba de comparar la guerra de Malvinas con un partido de futbol. Tremendo&#8221;, en referencia a la frase que el libertario esgrimi\u00f3 en el momento en que se debat\u00eda el segundo eje tem\u00e1tico &#8220;Relaciones de Argentina con el mundo&#8221;.<\/p>\n\n\n\n<p>FUENTE: diariouno.com.ar <\/p>\n","protected":false},"excerpt":{"rendered":"<p>Ex combatientes y funcionarios consideraron que los dichos de Javier Milei, sobre la custi\u00f3n Malvinas, en el Debate &#8220;violan la pol\u00edtica de Estado de Argentina&#8221; y no &#8220;respetan el honor y la memoria de los ca\u00eddos&#8221; Ex combatientes de Malvinas, funcionarios del \u00e1rea y referentes del oficialismo criticaron las expresiones durante\u00a0el Debate, del candidato presidencial [&hellip;]<\/p>\n","protected":false},"author":2,"featured_media":2967,"comment_status":"open","ping_status":"open","sticky":true,"template":"","format":"standard","meta":[],"categories":[47],"tags":[],"_links":{"self":[{"href":"https:\/\/pasaenmendoza.com\/index.php?rest_route=\/wp\/v2\/posts\/2966"}],"collection":[{"href":"https:\/\/pasaenmendoza.com\/index.php?rest_route=\/wp\/v2\/posts"}],"about":[{"href":"https:\/\/pasaenmendoza.com\/index.php?rest_route=\/wp\/v2\/types\/post"}],"author":[{"embeddable":true,"href":"https:\/\/pasaenmendoza.com\/index.php?rest_route=\/wp\/v2\/users\/2"}],"replies":[{"embeddable":true,"href":"https:\/\/pasaenmendoza.com\/index.php?rest_route=%2Fwp%2Fv2%2Fcomments&post=2966"}],"version-history":[{"count":1,"href":"https:\/\/pasaenmendoza.com\/index.php?rest_route=\/wp\/v2\/posts\/2966\/revisions"}],"predecessor-version":[{"id":2968,"href":"https:\/\/pasaenmendoza.com\/index.php?rest_route=\/wp\/v2\/posts\/2966\/revisions\/2968"}],"wp:featuredmedia":[{"embeddable":true,"href":"https:\/\/pasaenmendoza.com\/index.php?rest_route=\/wp\/v2\/media\/2967"}],"wp:attachment":[{"href":"https:\/\/pasaenmendoza.com\/index.php?rest_route=%2Fwp%2Fv2%2Fmedia&parent=2966"}],"wp:term":[{"taxonomy":"category","embeddable":true,"href":"https:\/\/pasaenmendoza.com\/index.php?rest_route=%2Fwp%2Fv2%2Fcategories&post=2966"},{"taxonomy":"post_tag","embeddable":true,"href":"https:\/\/pasaenmendoza.com\/index.php?rest_route=%2Fwp%2Fv2%2Ftags&post=2966"}],"curies":[{"name":"wp","href":"https:\/\/api.w.org\/{rel}","templated":true}]}}