{"id":2969,"date":"2023-11-13T14:02:34","date_gmt":"2023-11-13T13:02:34","guid":{"rendered":"https:\/\/pasaenmendoza.com\/?p=2969"},"modified":"2023-11-13T14:02:36","modified_gmt":"2023-11-13T13:02:36","slug":"pronostico-en-mendoza-ascenso-de-la-temperatura-heladas-parciales-y-cuando-vuelve-el-zonda","status":"publish","type":"post","link":"https:\/\/pasaenmendoza.com\/?p=2969","title":{"rendered":"Pron\u00f3stico en Mendoza: ascenso de la temperatura, heladas parciales y \u00bfcu\u00e1ndo vuelve el Zonda?"},"content":{"rendered":"\n<p>Este&nbsp;<strong>lunes&nbsp;<\/strong>se presenta en el&nbsp;<strong>Gran Mendoza<\/strong>&nbsp;con&nbsp;<em>\u201cpoca nubosidad y ascenso de la temperatura\u201d<\/em>, que oscilar\u00e1 entre los 6\u00b0 y 27\u00b0.<\/p>\n\n\n\n<p>Adem\u00e1s, de acuerdo con el reporte de la&nbsp;<strong>Direcci\u00f3n de Agricultura y Contingencias Clim\u00e1ticas,<\/strong>&nbsp;se esperan&nbsp;<strong>heladas parciales<\/strong>&nbsp;en diferentes zonas.<\/p>\n\n\n\n<p>En tal sentido, las m\u00ednimas previstas ser\u00e1n:<\/p>\n\n\n\n<ul>\n<li><strong>Oasis norte \u2013 este:<\/strong>&nbsp;0,5\u00b0 a 4\u00b0.<\/li>\n\n\n\n<li><strong>Oasis centro:<\/strong>&nbsp;-1\u00b0 a 3\u00b0.<\/li>\n\n\n\n<li><strong>Oasis sur:<\/strong>&nbsp;-1.8\u00b0 a -0.5\u00b0<\/li>\n<\/ul>\n\n\n\n<p>En tanto, el pron\u00f3stico para este\u00a0<strong>martes\u00a0<\/strong>destaca\u00a0<em>\u201cnubosidad variable\u201d<\/em>\u00a0con ascenso de la temperatura (m\u00ednima de 12\u00b0 y m\u00e1xima de 29\u00b0).\u00a0<em>\u201cInestable hacia la noche\u201d<\/em>, afirma el pron\u00f3stico.<\/p>\n\n\n\n<p>Mientras que las temperaturas previstas para los pr\u00f3ximos d\u00edas ser\u00e1n:<\/p>\n\n\n\n<ul>\n<li><strong>Mi\u00e9rcoles:<\/strong>&nbsp;14\u00b0 de m\u00ednima y 30\u00b0 de m\u00e1xima.<\/li>\n\n\n\n<li><strong>Jueves:<\/strong>&nbsp;15\u00b0 y 29\u00b0 (tormentas aisladas al este).<\/li>\n\n\n\n<li><strong>Viernes:<\/strong>&nbsp;15\u00b0 y 32\u00b0 (viento&nbsp;<strong>Zonda&nbsp;<\/strong>en precordillera).<\/li>\n\n\n\n<li><strong>S\u00e1bado:<\/strong>&nbsp;16\u00b0 y 28\u00b0 (ventoso).<\/li>\n\n\n\n<li><strong>Domingo:&nbsp;<\/strong>15\u00b0 y 30\u00b0.<\/li>\n<\/ul>\n\n\n\n<p><strong>Paso habilitado<\/strong><\/p>\n\n\n\n<p>El\u00a0<strong>Sistema Integrado Cristo Redentor<\/strong>\u00a0se encuentra habilitado, las 24 horas, para todo tipo de veh\u00edculos (transporte de cargas, \u00f3mnibus y particulares).<\/p>\n\n\n\n<p>En la zona de alta monta\u00f1a se prev\u00e9 \u201cinestabilidad\u201d al menos hasta el mi\u00e9rcoles.<\/p>\n\n\n\n<p><strong>Fuente: www.elsol.com.ar<\/strong><\/p>\n","protected":false},"excerpt":{"rendered":"<p>Este&nbsp;lunes&nbsp;se presenta en el&nbsp;Gran Mendoza&nbsp;con&nbsp;\u201cpoca nubosidad y ascenso de la temperatura\u201d, que oscilar\u00e1 entre los 6\u00b0 y 27\u00b0. Adem\u00e1s, de acuerdo con el reporte de la&nbsp;Direcci\u00f3n de Agricultura y Contingencias Clim\u00e1ticas,&nbsp;se esperan&nbsp;heladas parciales&nbsp;en diferentes zonas. En tal sentido, las m\u00ednimas previstas ser\u00e1n: En tanto, el pron\u00f3stico para este\u00a0martes\u00a0destaca\u00a0\u201cnubosidad variable\u201d\u00a0con ascenso de la temperatura (m\u00ednima de [&hellip;]<\/p>\n","protected":false},"author":2,"featured_media":2970,"comment_status":"open","ping_status":"open","sticky":false,"template":"","format":"standard","meta":[],"categories":[52],"tags":[],"_links":{"self":[{"href":"https:\/\/pasaenmendoza.com\/index.php?rest_route=\/wp\/v2\/posts\/2969"}],"collection":[{"href":"https:\/\/pasaenmendoza.com\/index.php?rest_route=\/wp\/v2\/posts"}],"about":[{"href":"https:\/\/pasaenmendoza.com\/index.php?rest_route=\/wp\/v2\/types\/post"}],"author":[{"embeddable":true,"href":"https:\/\/pasaenmendoza.com\/index.php?rest_route=\/wp\/v2\/users\/2"}],"replies":[{"embeddable":true,"href":"https:\/\/pasaenmendoza.com\/index.php?rest_route=%2Fwp%2Fv2%2Fcomments&post=2969"}],"version-history":[{"count":1,"href":"https:\/\/pasaenmendoza.com\/index.php?rest_route=\/wp\/v2\/posts\/2969\/revisions"}],"predecessor-version":[{"id":2971,"href":"https:\/\/pasaenmendoza.com\/index.php?rest_route=\/wp\/v2\/posts\/2969\/revisions\/2971"}],"wp:featuredmedia":[{"embeddable":true,"href":"https:\/\/pasaenmendoza.com\/index.php?rest_route=\/wp\/v2\/media\/2970"}],"wp:attachment":[{"href":"https:\/\/pasaenmendoza.com\/index.php?rest_route=%2Fwp%2Fv2%2Fmedia&parent=2969"}],"wp:term":[{"taxonomy":"category","embeddable":true,"href":"https:\/\/pasaenmendoza.com\/index.php?rest_route=%2Fwp%2Fv2%2Fcategories&post=2969"},{"taxonomy":"post_tag","embeddable":true,"href":"https:\/\/pasaenmendoza.com\/index.php?rest_route=%2Fwp%2Fv2%2Ftags&post=2969"}],"curies":[{"name":"wp","href":"https:\/\/api.w.org\/{rel}","templated":true}]}}