{"id":2992,"date":"2023-11-13T16:07:42","date_gmt":"2023-11-13T15:07:42","guid":{"rendered":"https:\/\/pasaenmendoza.com\/?p=2992"},"modified":"2023-11-13T16:07:43","modified_gmt":"2023-11-13T15:07:43","slug":"incendios-por-el-zonda-la-buena-noticia-que-recibieron-los-bomberos-voluntarios-de-mendoza","status":"publish","type":"post","link":"https:\/\/pasaenmendoza.com\/?p=2992","title":{"rendered":"Incendios por el Zonda: la buena noticia que recibieron los bomberos voluntarios de Mendoza"},"content":{"rendered":"\n<p>Los focos de&nbsp;<strong>incendio&nbsp;<\/strong>que se registraron en el piedemonte mendocino el \u00faltimo fin de semana de octubre, provocados por un severo viento&nbsp;<strong>Zonda&nbsp;<\/strong>que lleg\u00f3 a tener r\u00e1fagas de 90 kil\u00f3metros por hora, afectaron unas 4.000 hect\u00e1reas en&nbsp;<strong>Ciudad, Las Heras y Luj\u00e1n de Cuyo,<\/strong>&nbsp;principalmente.<\/p>\n\n\n\n<p>La situaci\u00f3n fue controlada gracias al trabajo conjunto de&nbsp;<strong>bomberos<\/strong>, personal de Defensa Civil y expertos en el manejo del fuego de toda la provincia, de la Naci\u00f3n y de otras jurisdicciones, como San Juan, San Luis, C\u00f3rdoba y Buenos Aires.<\/p>\n\n\n\n<p>En ese contexto, este lunes el gobierno nacional confirm\u00f3 el env\u00edo de $100 millones, en concepto de subsidio extraordinario y no reintegrable,&nbsp;<strong>para ocho dotaciones de bomberos voluntarios de Mendoza<\/strong>&nbsp;<em>\u201cque intervinieron en el combate de los incendios forestales acaecidos\u201d<\/em>&nbsp;y que se encuentran inscriptas en el registro de Ministerio de Seguridad de la Naci\u00f3n.<\/p>\n\n\n\n<p>Se trata de los Bomberos Voluntarios de&nbsp;<strong>Lavalle, Godoy Cruz, Guaymall\u00e9n, Palmira, Maip\u00fa, Tunuy\u00e1n, Luj\u00e1n de Cuyo y Las Heras.&nbsp;<\/strong>Cada una de esas asociaciones recibir\u00e1 $12,5 millones.<\/p>\n\n\n\n<h2 class=\"wp-block-heading\" id=\"h-que-deberan-hacer-los-subsidios\">Qu\u00e9 deber\u00e1n hacer los subsidios<\/h2>\n\n\n\n<p>Los fondos&nbsp;<em>\u201cdeber\u00e1n ser destinados a la adquisici\u00f3n de bienes de capital que ser\u00e1n afectados a la realizaci\u00f3n de distintas actividades operativas y log\u00edsticas que llevan a cabo\u201d<\/em>, resalt\u00f3 la resoluci\u00f3n 776\/2023. La lista los rubros y las caracter\u00edsticas de los bienes que podr\u00e1n ser adquiridos por los beneficiarios ser\u00e1 aportada por la Direcci\u00f3n de Bomberos Voluntarios, que a su vez deber\u00e1&nbsp;<em>\u201cefectuar el seguimiento y control operativo de la ejecuci\u00f3n de los fondos p\u00fablicos transferidos\u201d.<\/em><\/p>\n\n\n\n<p>El objetivo es que las ocho asociaciones mendocinas, que tienen diez d\u00edas para aceptar el subsidio mediante una nota,&nbsp;<em>\u201cfortalezcan el desarrollo de sus capacidades operativas, en la lucha contra el fuego y la protecci\u00f3n civil de la poblaci\u00f3n\u201d,<\/em>&nbsp;destaca la norma legal , publicada este lunes en el Bolet\u00edn Oficial.<\/p>\n\n\n\n<p><object data=\"https:\/\/newspack-elsol.s3.amazonaws.com\/wp-content\/uploads\/2023\/11\/document-2.pdf\" type=\"application\/pdf\"><\/object><\/p>\n\n\n\n<p><strong>Fuente: www.elsol.com.ar<\/strong><\/p>\n","protected":false},"excerpt":{"rendered":"<p>Los focos de&nbsp;incendio&nbsp;que se registraron en el piedemonte mendocino el \u00faltimo fin de semana de octubre, provocados por un severo viento&nbsp;Zonda&nbsp;que lleg\u00f3 a tener r\u00e1fagas de 90 kil\u00f3metros por hora, afectaron unas 4.000 hect\u00e1reas en&nbsp;Ciudad, Las Heras y Luj\u00e1n de Cuyo,&nbsp;principalmente. La situaci\u00f3n fue controlada gracias al trabajo conjunto de&nbsp;bomberos, personal de Defensa Civil y [&hellip;]<\/p>\n","protected":false},"author":2,"featured_media":2993,"comment_status":"open","ping_status":"open","sticky":false,"template":"","format":"standard","meta":[],"categories":[50],"tags":[],"_links":{"self":[{"href":"https:\/\/pasaenmendoza.com\/index.php?rest_route=\/wp\/v2\/posts\/2992"}],"collection":[{"href":"https:\/\/pasaenmendoza.com\/index.php?rest_route=\/wp\/v2\/posts"}],"about":[{"href":"https:\/\/pasaenmendoza.com\/index.php?rest_route=\/wp\/v2\/types\/post"}],"author":[{"embeddable":true,"href":"https:\/\/pasaenmendoza.com\/index.php?rest_route=\/wp\/v2\/users\/2"}],"replies":[{"embeddable":true,"href":"https:\/\/pasaenmendoza.com\/index.php?rest_route=%2Fwp%2Fv2%2Fcomments&post=2992"}],"version-history":[{"count":1,"href":"https:\/\/pasaenmendoza.com\/index.php?rest_route=\/wp\/v2\/posts\/2992\/revisions"}],"predecessor-version":[{"id":2994,"href":"https:\/\/pasaenmendoza.com\/index.php?rest_route=\/wp\/v2\/posts\/2992\/revisions\/2994"}],"wp:featuredmedia":[{"embeddable":true,"href":"https:\/\/pasaenmendoza.com\/index.php?rest_route=\/wp\/v2\/media\/2993"}],"wp:attachment":[{"href":"https:\/\/pasaenmendoza.com\/index.php?rest_route=%2Fwp%2Fv2%2Fmedia&parent=2992"}],"wp:term":[{"taxonomy":"category","embeddable":true,"href":"https:\/\/pasaenmendoza.com\/index.php?rest_route=%2Fwp%2Fv2%2Fcategories&post=2992"},{"taxonomy":"post_tag","embeddable":true,"href":"https:\/\/pasaenmendoza.com\/index.php?rest_route=%2Fwp%2Fv2%2Ftags&post=2992"}],"curies":[{"name":"wp","href":"https:\/\/api.w.org\/{rel}","templated":true}]}}