{"id":2995,"date":"2023-11-14T13:02:31","date_gmt":"2023-11-14T12:02:31","guid":{"rendered":"https:\/\/pasaenmendoza.com\/?p=2995"},"modified":"2023-11-14T13:02:32","modified_gmt":"2023-11-14T12:02:32","slug":"presupuesto-2024-los-motivos-por-los-que-el-peronismo-acordo-con-alfredo-cornejo","status":"publish","type":"post","link":"https:\/\/pasaenmendoza.com\/?p=2995","title":{"rendered":"Presupuesto 2024: los motivos por los que el peronismo acord\u00f3 con Alfredo Cornejo"},"content":{"rendered":"\n<p>El bloque peronista acompa\u00f1\u00f3 de forma un\u00e1nime la pauta presupuestaria para el 2024 y el Gobierno consigui\u00f3 autorizaci\u00f3n para la toma de deuda y el uso de un roll over. Qu\u00e9 motiv\u00f3 la decisi\u00f3n del PJ.<\/p>\n\n\n\n<p>El\u00a0<strong>Presupuesto 2024<\/strong>, que ayer tuvo media sanci\u00f3n en Diputados y que este martes ser\u00e1 aprobado en el Senado, tuvo la particularidad de que cont\u00f3 con el acompa\u00f1amiento del bloque del Frente de Todos-Partido Justicialista en su totalidad. Antes de alzar la mano a favor de la pauta presupuestaria oficialista, hubo una intensa ronda de negociaciones entre el gobernador elector,\u00a0<strong>Alfredo Cornejo<\/strong>, y los intendentes electos de las comunas opositoras. La misma arroj\u00f3 buenos resultados para el Ejecutivo provincial, que consigui\u00f3 autorizaci\u00f3n para endeudarse en $29 mil millones y continuar con la obra de extensi\u00f3n del metrotranv\u00eda. Adem\u00e1s, consigui\u00f3 permiso para un roll over durante un a\u00f1o, un aspecto cuestionado en numerosas ocasiones por otras fuerzas pol\u00edticas. Estos dos aspectos requer\u00eda de dos tercios de la C\u00e1mara.<\/p>\n\n\n\n<p><strong>Germ\u00e1n G\u00f3mez<\/strong>, jefe de bloque del\u00a0<strong>peronismo<\/strong> en la C\u00e1mara de Diputados, explic\u00f3 que &#8220;hay que tener en cuenta que hay un contexto dif\u00edcil y complejo y\u00a0que hay que salir adelante. En esta situaci\u00f3n lo que debe tener valor es la construcci\u00f3n de consensos que permita una realidad diferente. Nosotros hemos apoyado el presupuesto debido a que hemos hecho varios agregados en algunos art\u00edculos que -entend\u00edamos- estaban mal redactados y que hab\u00eda\u00a0que modificarlos. Agregamos\u00a0algunas cuestiones ligadas a la obra p\u00fablica tanto provincial como municipal (como la doble v\u00eda de ingreso a Rivadavia) y un programa de financiamiento para los municipios totalmente diferente al que se dio en el\u00a0<strong>presupuesto<\/strong>&#8220;.<\/p>\n\n\n\n<p>Uno de los aspectos que negoci\u00f3 -con \u00e9xito- el justicialismo fue borrar el art\u00edculo del\u00a0<strong>Presupuesto\u00a0<\/strong>en el cual se modificaba el\u00a0reparto de fondos a las comunas seg\u00fan el crecimiento demogr\u00e1fico en el \u00faltimo Censo. La normativa establec\u00eda\u00a0que el 65% de los recursos coparticipables a municipios se reparte por poblaci\u00f3n, la\u00a0diferencia\u00a0en las tasas de crecimiento provoc\u00f3 que\u00a0el reparto se adecuara. Esto generaba p\u00e9rdidas millonarias en algunos municipios.\u00a0<strong>Cornejo\u00a0<\/strong>y los intendentes acordaron esperar a que se difundan los datos oficiales del\u00a0Instituto Nacional de Estad\u00edstica y Censos (Indec) respecto al Censo 2022.<\/p>\n\n\n\n<p>En ese orden,\u00a0<strong>Gom\u00e9z\u00a0<\/strong>puntualiz\u00f3: &#8220;Sobre el tema de la discusi\u00f3n de la ley de coparticipaci\u00f3n, vamos a trabajar a futuro en una nueva ley\u00a0que adopte criterios diferentes. Creemos que este no era el momento para tratarlo en la ley de presupuesto&#8221;.<\/p>\n\n\n\n<p>Y sum\u00f3: &#8220;Y hay que darle\u00a0herramientas el gobernador que ha sido elegido por el voto popular. En este\u00a0primer presupuesto que le va a tocar al gobierno que viene le hemos dado todas las herramientas para que pueda gobernar y para que pueda solucionar un mont\u00f3n de problemas que tienen los mendocinos. Insisto, se viene una situaci\u00f3n dif\u00edcil y\u00a0compleja y hoy no podemos negar herramientas. El a\u00f1o pasado le conseguimos una serie de autorizaciones que no han logrado el financiamiento, tambi\u00e9n con un criterio l\u00f3gico. En aras de defender esa posibilidad de obtener obra p\u00fablica que genera trabajo directo e indirecto en la provincia\u00a0hemos otorgado un nuevo plazo de dos a\u00f1os para que esas autorizaciones no se venzan y se caigan.<\/p>\n\n\n\n<p>En relaci\u00f3n al resto de las&nbsp;modificaciones,&nbsp;coment\u00f3&nbsp;que Mendoza &#8220;va a tener un roll over, la autorizaci\u00f3n para la extensi\u00f3n del metrotranv\u00eda y hemos brindado tambi\u00e9n una serie de herramientas para Aysam. Autorizamos&nbsp;una suma importante para que se resuelvan los problemas que tiene la provincia,&nbsp;sobre todo el Gran Mendoza, en lo que hace al servicio de agua. Tambi\u00e9n hemos considerado la obra p\u00fablica con un criterio federal en en los municipios. Se han acordado de manera muy concreta&nbsp;-con una visi\u00f3n estrat\u00e9gica- una serie de obras que que son fundamentales. Esperamos que el Gobierno d\u00e9 cumplimiento a las promesas tanto electorales como a las propuestas que hemos logrado consensuar&#8221;.<\/p>\n\n\n\n<p>Los intendentes electos aseguraron que la postura dialoguista respond\u00eda a un pedido de Sergio Massa, con el fin de lograr que coincida el accionar del PJ con la estrategia de campa\u00f1a del candidato a presidente de Uni\u00f3n por la Patria.<\/p>\n\n\n\n<p>Sobre este punto,\u00a0<strong>G\u00f3mez\u00a0<\/strong>indic\u00f3: &#8220;Creo que se viene\u00a0un modelo de construcci\u00f3n, consenso y di\u00e1logo profundo. De esto no se sale con la eliminaci\u00f3n de un Estado o con la dolarizaci\u00f3n. Se sale con con un criterio de trabajo, coordinaci\u00f3n,\u00a0de fijar pol\u00edticas estrat\u00e9gicas y acordar, donde debe primar la necesidad de la gente.\u00a0Entonces, en eso hay que ponerse a trabajar. Hay que dejar de lado los ego\u00edsmos y las posiciones sin sentido y ponerse a trabajar con quien hoy va a ser gobernador de Mendoza por el voto popular. Hay que\u00a0brindarle todas las herramientas para que no tenga una excusa sobre\u00a0la oposici\u00f3n&#8221;.<\/p>\n\n\n\n<p>FUENTE: Mdzonline.<\/p>\n","protected":false},"excerpt":{"rendered":"<p>El bloque peronista acompa\u00f1\u00f3 de forma un\u00e1nime la pauta presupuestaria para el 2024 y el Gobierno consigui\u00f3 autorizaci\u00f3n para la toma de deuda y el uso de un roll over. Qu\u00e9 motiv\u00f3 la decisi\u00f3n del PJ. El\u00a0Presupuesto 2024, que ayer tuvo media sanci\u00f3n en Diputados y que este martes ser\u00e1 aprobado en el Senado, tuvo [&hellip;]<\/p>\n","protected":false},"author":2,"featured_media":2996,"comment_status":"open","ping_status":"open","sticky":true,"template":"","format":"standard","meta":[],"categories":[47],"tags":[],"_links":{"self":[{"href":"https:\/\/pasaenmendoza.com\/index.php?rest_route=\/wp\/v2\/posts\/2995"}],"collection":[{"href":"https:\/\/pasaenmendoza.com\/index.php?rest_route=\/wp\/v2\/posts"}],"about":[{"href":"https:\/\/pasaenmendoza.com\/index.php?rest_route=\/wp\/v2\/types\/post"}],"author":[{"embeddable":true,"href":"https:\/\/pasaenmendoza.com\/index.php?rest_route=\/wp\/v2\/users\/2"}],"replies":[{"embeddable":true,"href":"https:\/\/pasaenmendoza.com\/index.php?rest_route=%2Fwp%2Fv2%2Fcomments&post=2995"}],"version-history":[{"count":1,"href":"https:\/\/pasaenmendoza.com\/index.php?rest_route=\/wp\/v2\/posts\/2995\/revisions"}],"predecessor-version":[{"id":2997,"href":"https:\/\/pasaenmendoza.com\/index.php?rest_route=\/wp\/v2\/posts\/2995\/revisions\/2997"}],"wp:featuredmedia":[{"embeddable":true,"href":"https:\/\/pasaenmendoza.com\/index.php?rest_route=\/wp\/v2\/media\/2996"}],"wp:attachment":[{"href":"https:\/\/pasaenmendoza.com\/index.php?rest_route=%2Fwp%2Fv2%2Fmedia&parent=2995"}],"wp:term":[{"taxonomy":"category","embeddable":true,"href":"https:\/\/pasaenmendoza.com\/index.php?rest_route=%2Fwp%2Fv2%2Fcategories&post=2995"},{"taxonomy":"post_tag","embeddable":true,"href":"https:\/\/pasaenmendoza.com\/index.php?rest_route=%2Fwp%2Fv2%2Ftags&post=2995"}],"curies":[{"name":"wp","href":"https:\/\/api.w.org\/{rel}","templated":true}]}}