{"id":3005,"date":"2023-11-14T13:14:46","date_gmt":"2023-11-14T12:14:46","guid":{"rendered":"https:\/\/pasaenmendoza.com\/?p=3005"},"modified":"2023-11-14T13:14:47","modified_gmt":"2023-11-14T12:14:47","slug":"el-discurso-massista-se-colo-en-la-discusion-por-el-presupuesto-y-jugo-a-favor-del-oficialismo","status":"publish","type":"post","link":"https:\/\/pasaenmendoza.com\/?p=3005","title":{"rendered":"El discurso massista se col\u00f3 en la discusi\u00f3n por el presupuesto y jug\u00f3 a favor del oficialismo"},"content":{"rendered":"\n<p>El peronismo sigui\u00f3 el mandato de Sergio Massa y justific\u00f3 su voto a favor del presupuesto, el roll over y el endeudamiento para Alfredo Cornejo apoy\u00e1ndose en el &#8220;di\u00e1logo y la cordura&#8221; que anticipan podr\u00eda tener el pr\u00f3ximo gobierno nacional<\/p>\n\n\n\n<p>Los legisladores massistas\u00a0<strong>le dieron el presupuesto a Alfredo Cornejo<\/strong>\u00a0&#8211; en verdad por ahora media sanci\u00f3n- y hasta le aprobaron la autorizaci\u00f3n para\u00a0<strong>rollear la deuda en d\u00f3lares<\/strong>\u00a0que \u00e9l mismo pidi\u00f3. Cuentan por lo bajo que\u00a0<strong>la postura del candidato a presidente Sergio Massa de consensuar y dialogar fue clave\u00a0<\/strong>en la negociaci\u00f3n.<\/p>\n\n\n\n<p><strong>Germ\u00e1n G\u00f3mez<\/strong>, jefe del bloque del PJ en la C\u00e1mara de Diputados, asegur\u00f3 que con Sergio Massa &#8220;se viene un modelo de conducci\u00f3n de consenso y de di\u00e1logo profundo&#8221;, siempre y cuando resulte electo presidente, y que, en el caso particular de Mendoza, &#8220;<strong>hay que dejar de lado los ego\u00edsmos y ponerse a trabajar con quien hoy va a ser gobernador<\/strong>&nbsp;para que no tenga excusas&#8221;.<\/p>\n\n\n\n<p>As\u00ed argument\u00f3 en parte\u00a0<strong>el voto afirmativo del peronismo<\/strong>\u00a0a la pauta de gastos que tambi\u00e9n incluye autorizaci\u00f3n para endeudamiento por obras y la posibilidad de refinanciar la deuda.<\/p>\n\n\n\n<h2 class=\"wp-block-heading\"><strong>El peronismo local en sinton\u00eda con el di\u00e1logo que propone Massa<\/strong><\/h2>\n\n\n\n<p>A menos de una semana del&nbsp;<strong>balotaje<\/strong>, y un d\u00eda despu\u00e9s del debate presidencial,&nbsp;<strong>el peronismo mendocino hizo campa\u00f1a&nbsp;<\/strong>en la Legislatura provincial adoptando la postura de su candidato&nbsp;<strong>Sergio Massa<\/strong>&nbsp;de unidad nacional, apertura y di\u00e1logo para dar su aval al presupuesto propuesto por el radicalismo.<\/p>\n\n\n\n<p>&#8220;En la construcci\u00f3n de los nuevos tiempos, aun en contra de nuestras propias convicciones,&nbsp;<strong>tenemos que hacer acuerdos que permitan la gobernabilidad<\/strong>&#8220;, dijo el diputado sanrafaelino.<\/p>\n\n\n\n<p>&#8220;Ojal\u00e1 que la f\u00f3rmula ganadora no sea de esa expresi\u00f3n que nos aleja del di\u00e1logo y la cordura&#8221;, agreg\u00f3 durante su discurso en la C\u00e1mara de Diputados refiri\u00e9ndose a Javier Milei- Victoria Villarruel.<\/p>\n\n\n\n<p>&#8220;<strong>Tenemos la obligaci\u00f3n de darle una salida a la Argentina que se viene<\/strong>, una Argentina de los consensos; no de la eliminaci\u00f3n del Estado&#8221;, agreg\u00f3 para seguir&nbsp;<strong>contraponiendo la postura de Massa con la de los libertarios<\/strong>&nbsp;y respondi\u00e9ndole tambi\u00e9n as\u00ed a&nbsp;<strong>Mercedes Llano<\/strong>, actual diputada provincial y diputada nacional electa del sector de Milei que anteriormente hab\u00eda adelantado su voto negativo.<\/p>\n\n\n\n<p>&#8220;El principal frente opositor -es decir, el peronismo- entiende que necesariamente deben existir los consensos. Y&nbsp;<strong>es lo que proponemos tambi\u00e9n con nuestra f\u00f3rmula presidencial, que esperemos que se imponga el 19 para que Mendoza tenga una realidad financiera distinta&nbsp;<\/strong>de la que tiene&#8221;, agreg\u00f3 G\u00f3mez colando el balotaje en la discusi\u00f3n presupuestaria.<\/p>\n\n\n\n<h2 class=\"wp-block-heading\">&#8220;Voto de confianza&#8221; a Cornejo<\/h2>\n\n\n\n<p>&#8220;Le vamos a dar un&nbsp;<strong>voto de confianza<\/strong>&nbsp;al gobernador electo&#8221;, dijo Germ\u00e1n G\u00f3mez al anunciar la afirmativa para la pauta de gastos.<\/p>\n\n\n\n<p>&#8220;(Cornejo)&nbsp;<strong>nos ha solicitado herramientas que considera esenciales y no se las vamos a negar<\/strong>. Nos ha pedido el roll over y autorizaci\u00f3n para el financiamiento para el&nbsp;<strong>Metrotranv\u00eda<\/strong>. Sabemos que se han hecho esfuerzos. Quiz\u00e1s sean necesarios m\u00e1s, con intervenci\u00f3n del Gobierno nacional&#8221;, apunt\u00f3 el legislador.<\/p>\n\n\n\n<p>&#8220;Debe primar la soluci\u00f3n para los mendocinos.&nbsp;<strong>No se resuelve de otra forma m\u00e1s que utilizando la herramienta de la pol\u00edtica y no con un Estado ausente<\/strong>; sino con posibilidad de agrandar las exportaciones. Ese ser\u00e1 el nuevo desaf\u00edo para los mendocinos y para la pol\u00edtica nacional&#8221;, dijo nuevamente apostando por la visi\u00f3n de Massa.<\/p>\n\n\n\n<p>Para justificar el apoyo al roll over, G\u00f3mez reconoci\u00f3 que la reducci\u00f3n de impuestos coparticipables puede impactar de manera negativa en los fondos que reciben las provincias<strong>. &#8220;Pero la baja de impuestos es una pol\u00edtica que debe adoptarse y quiz\u00e1s requiera una herramienta como el roll over para reducir el impacto&#8221;<\/strong>.<\/p>\n\n\n\n<p><strong>&#8220;Este presupuesto necesita herramientas financieras&#8221;<\/strong>, argument\u00f3 el diputado del PJ.<\/p>\n\n\n\n<p>&#8220;Hay que darle herramientas al gobernador que ha sido elegido. Se las hemos dado para que pueda solucionar&nbsp;<strong>un mont\u00f3n de problemas<\/strong>&nbsp;que tienen los mendocinos&#8221;, explic\u00f3 G\u00f3mez.<\/p>\n\n\n\n<p>Y &#8220;con un criterio l\u00f3gico,&nbsp;<strong>en aras de defender la obra p\u00fablica, hemos otorgado una pr\u00f3rroga de la autorizaci\u00f3n del financiamiento<\/strong>&#8220;, apost\u00f3.<\/p>\n\n\n\n<p>&#8220;Va a tener roll over, construcci\u00f3n del Metrotranv\u00eda y herramientas para Aysam para que (Cornejo) no tenga excusas&#8221;, dijo.<\/p>\n\n\n\n<p>&#8220;Esperamos que d\u00e9 cumplimiento a las promesas tanto electorales como las hechas en este presupuesto&#8221;, finaliz\u00f3 el diputado.<\/p>\n\n\n\n<p>FUENTE: Diariouno.com.ar <\/p>\n","protected":false},"excerpt":{"rendered":"<p>El peronismo sigui\u00f3 el mandato de Sergio Massa y justific\u00f3 su voto a favor del presupuesto, el roll over y el endeudamiento para Alfredo Cornejo apoy\u00e1ndose en el &#8220;di\u00e1logo y la cordura&#8221; que anticipan podr\u00eda tener el pr\u00f3ximo gobierno nacional Los legisladores massistas\u00a0le dieron el presupuesto a Alfredo Cornejo\u00a0&#8211; en verdad por ahora media sanci\u00f3n- [&hellip;]<\/p>\n","protected":false},"author":2,"featured_media":3007,"comment_status":"open","ping_status":"open","sticky":true,"template":"","format":"standard","meta":[],"categories":[47],"tags":[],"_links":{"self":[{"href":"https:\/\/pasaenmendoza.com\/index.php?rest_route=\/wp\/v2\/posts\/3005"}],"collection":[{"href":"https:\/\/pasaenmendoza.com\/index.php?rest_route=\/wp\/v2\/posts"}],"about":[{"href":"https:\/\/pasaenmendoza.com\/index.php?rest_route=\/wp\/v2\/types\/post"}],"author":[{"embeddable":true,"href":"https:\/\/pasaenmendoza.com\/index.php?rest_route=\/wp\/v2\/users\/2"}],"replies":[{"embeddable":true,"href":"https:\/\/pasaenmendoza.com\/index.php?rest_route=%2Fwp%2Fv2%2Fcomments&post=3005"}],"version-history":[{"count":1,"href":"https:\/\/pasaenmendoza.com\/index.php?rest_route=\/wp\/v2\/posts\/3005\/revisions"}],"predecessor-version":[{"id":3008,"href":"https:\/\/pasaenmendoza.com\/index.php?rest_route=\/wp\/v2\/posts\/3005\/revisions\/3008"}],"wp:featuredmedia":[{"embeddable":true,"href":"https:\/\/pasaenmendoza.com\/index.php?rest_route=\/wp\/v2\/media\/3007"}],"wp:attachment":[{"href":"https:\/\/pasaenmendoza.com\/index.php?rest_route=%2Fwp%2Fv2%2Fmedia&parent=3005"}],"wp:term":[{"taxonomy":"category","embeddable":true,"href":"https:\/\/pasaenmendoza.com\/index.php?rest_route=%2Fwp%2Fv2%2Fcategories&post=3005"},{"taxonomy":"post_tag","embeddable":true,"href":"https:\/\/pasaenmendoza.com\/index.php?rest_route=%2Fwp%2Fv2%2Ftags&post=3005"}],"curies":[{"name":"wp","href":"https:\/\/api.w.org\/{rel}","templated":true}]}}