{"id":3009,"date":"2023-11-14T13:34:18","date_gmt":"2023-11-14T12:34:18","guid":{"rendered":"https:\/\/pasaenmendoza.com\/?p=3009"},"modified":"2023-11-14T13:34:20","modified_gmt":"2023-11-14T12:34:20","slug":"sigue-el-tiempo-calido-en-mendoza","status":"publish","type":"post","link":"https:\/\/pasaenmendoza.com\/?p=3009","title":{"rendered":"Sigue el tiempo c\u00e1lido en Mendoza"},"content":{"rendered":"\n<p>Este martes, el pron\u00f3stico indica<strong>\u00a0una jornada fresca por la ma\u00f1ana y calurosa luego del mediod\u00eda.\u00a0<\/strong><\/p>\n\n\n\n<p>Seg\u00fan el&nbsp;<strong>Servicio Meteorl\u00f3gico Nacional<\/strong>, este martes la temperatura m\u00e1xima llegar\u00e1 a los<strong>&nbsp;28\u00b0,<\/strong>&nbsp;con viento del sureste. El cielo permanece parcialmente nublado y la humedad relativa del ambiente se mantiene cercana al 45%.&nbsp;<\/p>\n\n\n\n<p>Para ma\u00f1ana mi\u00e9rcoles, se prev\u00e9 poco cambio de temperatura y cielo algo nublado con viento del oeste por la tarde y noche.<\/p>\n\n\n\n<p>La m\u00e1xima esperada para ma\u00f1ana es de 28\u00b0<strong>.<\/strong>\u00a0<\/p>\n\n\n\n<p><strong>Fuente: www.mendozapost.com<\/strong><\/p>\n","protected":false},"excerpt":{"rendered":"<p>Este martes, el pron\u00f3stico indica\u00a0una jornada fresca por la ma\u00f1ana y calurosa luego del mediod\u00eda.\u00a0 Seg\u00fan el&nbsp;Servicio Meteorl\u00f3gico Nacional, este martes la temperatura m\u00e1xima llegar\u00e1 a los&nbsp;28\u00b0,&nbsp;con viento del sureste. El cielo permanece parcialmente nublado y la humedad relativa del ambiente se mantiene cercana al 45%.&nbsp; Para ma\u00f1ana mi\u00e9rcoles, se prev\u00e9 poco cambio de temperatura [&hellip;]<\/p>\n","protected":false},"author":2,"featured_media":3010,"comment_status":"open","ping_status":"open","sticky":false,"template":"","format":"standard","meta":[],"categories":[52],"tags":[],"_links":{"self":[{"href":"https:\/\/pasaenmendoza.com\/index.php?rest_route=\/wp\/v2\/posts\/3009"}],"collection":[{"href":"https:\/\/pasaenmendoza.com\/index.php?rest_route=\/wp\/v2\/posts"}],"about":[{"href":"https:\/\/pasaenmendoza.com\/index.php?rest_route=\/wp\/v2\/types\/post"}],"author":[{"embeddable":true,"href":"https:\/\/pasaenmendoza.com\/index.php?rest_route=\/wp\/v2\/users\/2"}],"replies":[{"embeddable":true,"href":"https:\/\/pasaenmendoza.com\/index.php?rest_route=%2Fwp%2Fv2%2Fcomments&post=3009"}],"version-history":[{"count":1,"href":"https:\/\/pasaenmendoza.com\/index.php?rest_route=\/wp\/v2\/posts\/3009\/revisions"}],"predecessor-version":[{"id":3011,"href":"https:\/\/pasaenmendoza.com\/index.php?rest_route=\/wp\/v2\/posts\/3009\/revisions\/3011"}],"wp:featuredmedia":[{"embeddable":true,"href":"https:\/\/pasaenmendoza.com\/index.php?rest_route=\/wp\/v2\/media\/3010"}],"wp:attachment":[{"href":"https:\/\/pasaenmendoza.com\/index.php?rest_route=%2Fwp%2Fv2%2Fmedia&parent=3009"}],"wp:term":[{"taxonomy":"category","embeddable":true,"href":"https:\/\/pasaenmendoza.com\/index.php?rest_route=%2Fwp%2Fv2%2Fcategories&post=3009"},{"taxonomy":"post_tag","embeddable":true,"href":"https:\/\/pasaenmendoza.com\/index.php?rest_route=%2Fwp%2Fv2%2Ftags&post=3009"}],"curies":[{"name":"wp","href":"https:\/\/api.w.org\/{rel}","templated":true}]}}