{"id":3021,"date":"2023-11-14T14:07:00","date_gmt":"2023-11-14T13:07:00","guid":{"rendered":"https:\/\/pasaenmendoza.com\/?p=3021"},"modified":"2023-11-14T14:07:02","modified_gmt":"2023-11-14T13:07:02","slug":"el-gobierno-confirmo-un-aumento-en-las-prestaciones-por-discapacidad","status":"publish","type":"post","link":"https:\/\/pasaenmendoza.com\/?p=3021","title":{"rendered":"El Gobierno confirm\u00f3 un AUMENTO en las prestaciones por DISCAPACIDAD"},"content":{"rendered":"\n<p>En las \u00faltimas horas el Gobierno confirm\u00f3, a trav\u00e9s de la Resoluci\u00f3n Conjunta 7\/2023, un aumento de las distintas prestaciones que paga a los titulares del\u00a0<strong>Certificado \u00danico de Discapacidad<\/strong>.<\/p>\n\n\n\n<p>Estamos hablando del\u00a0<strong>Sistema de Prestaciones B\u00e1sicas de Atenci\u00f3n Integral<\/strong>, los cuales fueron establecidos a trav\u00e9s de la Ley 24.901. El mismo busca de que las personas con\u00a0<strong>discapacidad\u00a0<\/strong>tengan garantizado el acceso a la salud, la educaci\u00f3n, la rehabilitaci\u00f3n y la capacitaci\u00f3n laboral, entre otros beneficios.<\/p>\n\n\n\n<h2 class=\"wp-block-heading\">\u00bfDe cu\u00e1nto es el aumento?<\/h2>\n\n\n\n<p>Desde Gobierno confirman que se increment\u00f3 y se modific\u00f3 el porcentaje de&nbsp;<strong>aumentos&nbsp;<\/strong>dispuestos previamente para los meses de octubre y noviembre, los cuales en un primer momento fueron definidos junto con las subas del semestre julio-diciembre.<\/p>\n\n\n\n<p>Los aumentos dispuestos para las Prestaciones por Discapacidad en los \u00faltimos seis meses del a\u00f1o eran los siguientes:<\/p>\n\n\n\n<p><strong><br>Julio:<\/strong>\u00a010%<\/p>\n\n\n\n<p><strong>Agosto:\u00a0<\/strong>5%<\/p>\n\n\n\n<p><strong>Septiembre:<\/strong>\u00a05%<\/p>\n\n\n\n<p><strong>Octubre:<\/strong>\u00a05%<\/p>\n\n\n\n<p><strong>Noviembre:\u00a0<\/strong>5%<\/p>\n\n\n\n<p><strong>Diciembre:<\/strong>\u00a05%<\/p>\n\n\n\n<p>Sin embargo, tras la aceleraci\u00f3n inflacionaria de los \u00faltimos meses (con valores en torno al 12% para agosto y septiembre) el Gobierno decidi\u00f3\u00a0<strong>aumentar<\/strong>\u00a0las subas correspondientes a los meses de\u00a0<strong>octubre\u00a0<\/strong>y\u00a0<strong>noviembre<\/strong>.<\/p>\n\n\n\n<p>Vale la pena aclarar que Carla Vizzotti, titular del Ministerio de Salud, y Fernando Gallaraga, de ANDIS, aseguran que tambi\u00e9n existe el beneficio ya vigente del 20% adicional &#8220;sobre el arancel b\u00e1sico por zona desfavorable a las prestaciones brindadas en las provincias de la zona patag\u00f3nica&#8221;.<\/p>\n\n\n\n<h2 class=\"wp-block-heading\">\u00bfQu\u00e9 discapacidades entran en el Certificado \u00danico de Discapacidad?<\/h2>\n\n\n\n<p>El<strong>&nbsp;Certificado \u00danico de Discapacidad<\/strong>&nbsp;tiene diferentes requisitos para los distintos tipos de discapacidades:<\/p>\n\n\n\n<ul>\n<li>Visual<\/li>\n\n\n\n<li>Mental<\/li>\n\n\n\n<li>Auditiva<\/li>\n\n\n\n<li>Visceral<\/li>\n\n\n\n<li>Motora<\/li>\n<\/ul>\n\n\n\n<p><strong>Fuente: www.diariouno.com.ar<\/strong><\/p>\n","protected":false},"excerpt":{"rendered":"<p>En las \u00faltimas horas el Gobierno confirm\u00f3, a trav\u00e9s de la Resoluci\u00f3n Conjunta 7\/2023, un aumento de las distintas prestaciones que paga a los titulares del\u00a0Certificado \u00danico de Discapacidad. Estamos hablando del\u00a0Sistema de Prestaciones B\u00e1sicas de Atenci\u00f3n Integral, los cuales fueron establecidos a trav\u00e9s de la Ley 24.901. El mismo busca de que las personas [&hellip;]<\/p>\n","protected":false},"author":2,"featured_media":3022,"comment_status":"open","ping_status":"open","sticky":false,"template":"","format":"standard","meta":[],"categories":[79],"tags":[],"_links":{"self":[{"href":"https:\/\/pasaenmendoza.com\/index.php?rest_route=\/wp\/v2\/posts\/3021"}],"collection":[{"href":"https:\/\/pasaenmendoza.com\/index.php?rest_route=\/wp\/v2\/posts"}],"about":[{"href":"https:\/\/pasaenmendoza.com\/index.php?rest_route=\/wp\/v2\/types\/post"}],"author":[{"embeddable":true,"href":"https:\/\/pasaenmendoza.com\/index.php?rest_route=\/wp\/v2\/users\/2"}],"replies":[{"embeddable":true,"href":"https:\/\/pasaenmendoza.com\/index.php?rest_route=%2Fwp%2Fv2%2Fcomments&post=3021"}],"version-history":[{"count":3,"href":"https:\/\/pasaenmendoza.com\/index.php?rest_route=\/wp\/v2\/posts\/3021\/revisions"}],"predecessor-version":[{"id":3025,"href":"https:\/\/pasaenmendoza.com\/index.php?rest_route=\/wp\/v2\/posts\/3021\/revisions\/3025"}],"wp:featuredmedia":[{"embeddable":true,"href":"https:\/\/pasaenmendoza.com\/index.php?rest_route=\/wp\/v2\/media\/3022"}],"wp:attachment":[{"href":"https:\/\/pasaenmendoza.com\/index.php?rest_route=%2Fwp%2Fv2%2Fmedia&parent=3021"}],"wp:term":[{"taxonomy":"category","embeddable":true,"href":"https:\/\/pasaenmendoza.com\/index.php?rest_route=%2Fwp%2Fv2%2Fcategories&post=3021"},{"taxonomy":"post_tag","embeddable":true,"href":"https:\/\/pasaenmendoza.com\/index.php?rest_route=%2Fwp%2Fv2%2Ftags&post=3021"}],"curies":[{"name":"wp","href":"https:\/\/api.w.org\/{rel}","templated":true}]}}