{"id":3026,"date":"2023-11-14T14:13:15","date_gmt":"2023-11-14T13:13:15","guid":{"rendered":"https:\/\/pasaenmendoza.com\/?p=3026"},"modified":"2023-11-14T14:13:16","modified_gmt":"2023-11-14T13:13:16","slug":"proyectan-una-cosecha-superior-a-7-000-toneladas-de-cerezas-en-mendoza","status":"publish","type":"post","link":"https:\/\/pasaenmendoza.com\/?p=3026","title":{"rendered":"Proyectan una cosecha superior a 7.000 toneladas de cerezas en Mendoza"},"content":{"rendered":"\n<p>El\u00a0Instituto de Desarrollo Rural (IDR)\u00a0de\u00a0<strong>Mendoza<\/strong>\u00a0proyect\u00f3 que durante la actual campa\u00f1a la<strong>\u00a0producci\u00f3n<\/strong>\u00a0de\u00a0<strong>cerezas<\/strong>\u00a0en la provincia ser\u00e1 superior a 7.000 toneladas.<\/p>\n\n\n\n<p>De ese total, poco m\u00e1s del 72% se encuentran implantadas en los departamentos que conforman el Valle de Uco.<\/p>\n\n\n\n<p>Por su parte, los departamentos ubicados en la denominada Zona Norte son considerados los segundos en importancia en cuanto a producci\u00f3n de esta fruta, ya que explican el 23,5% de la producci\u00f3n de la provincia.<\/p>\n\n\n\n<p>La cartera econ\u00f3mica mendocina, en un comunicado, se\u00f1al\u00f3 que esta temporada de cereza significar\u00e1 para la provincia un alza en las exportaciones. Es que, en relaci\u00f3n con temporadas anteriores, el tama\u00f1o de la producci\u00f3n ser\u00e1 mucho mayor.<\/p>\n\n\n\n<p>Seg\u00fan detalla el informe, 2.544 toneladas tendr\u00e1n un calibre o tama\u00f1o superior a 28 mil\u00edmetros, mientras que el resto, 4.524 toneladas, ser\u00e1 menor a 28 mm.<\/p>\n\n\n\n<p>Una mejora en los calibres del fruto y una mayor acumulaci\u00f3n de horas de fr\u00edo se traducen en una mejor calidad del producto, lo que hace que las estimaciones de exportaci\u00f3n se eleven, explicaron.<\/p>\n\n\n\n<p>&#8220;Pese a las contingencias clim\u00e1ticas, especialmente el viento Zonda, se esperaba una buena producci\u00f3n por la buena respuesta de la floraci\u00f3n y del cuaje del fruto&#8221;, resaltaron desde el organismo.<\/p>\n\n\n\n<p>Adem\u00e1s, agregaron que &#8220;la calidad est\u00e1 analizada solo por el tama\u00f1o esperado a cosecha, ya que la estimaci\u00f3n se hace en funci\u00f3n del tama\u00f1o de la fruta al momento del relevamiento&#8221;.<\/p>\n\n\n\n<p>Al cierre, desde el IDR detallaron: &#8220;Para el presente informe se analizaron las variedades, Bing, Lapins, Brooks y Santina. Este tipo de relevamientos se elaboran desde el comienzo de la floraci\u00f3n&#8221;.<\/p>\n\n\n\n<p><strong>Fuente: www.diariomendoza.com.ar<\/strong><\/p>\n","protected":false},"excerpt":{"rendered":"<p>El\u00a0Instituto de Desarrollo Rural (IDR)\u00a0de\u00a0Mendoza\u00a0proyect\u00f3 que durante la actual campa\u00f1a la\u00a0producci\u00f3n\u00a0de\u00a0cerezas\u00a0en la provincia ser\u00e1 superior a 7.000 toneladas. De ese total, poco m\u00e1s del 72% se encuentran implantadas en los departamentos que conforman el Valle de Uco. Por su parte, los departamentos ubicados en la denominada Zona Norte son considerados los segundos en importancia en [&hellip;]<\/p>\n","protected":false},"author":2,"featured_media":3027,"comment_status":"open","ping_status":"open","sticky":false,"template":"","format":"standard","meta":[],"categories":[70],"tags":[],"_links":{"self":[{"href":"https:\/\/pasaenmendoza.com\/index.php?rest_route=\/wp\/v2\/posts\/3026"}],"collection":[{"href":"https:\/\/pasaenmendoza.com\/index.php?rest_route=\/wp\/v2\/posts"}],"about":[{"href":"https:\/\/pasaenmendoza.com\/index.php?rest_route=\/wp\/v2\/types\/post"}],"author":[{"embeddable":true,"href":"https:\/\/pasaenmendoza.com\/index.php?rest_route=\/wp\/v2\/users\/2"}],"replies":[{"embeddable":true,"href":"https:\/\/pasaenmendoza.com\/index.php?rest_route=%2Fwp%2Fv2%2Fcomments&post=3026"}],"version-history":[{"count":1,"href":"https:\/\/pasaenmendoza.com\/index.php?rest_route=\/wp\/v2\/posts\/3026\/revisions"}],"predecessor-version":[{"id":3028,"href":"https:\/\/pasaenmendoza.com\/index.php?rest_route=\/wp\/v2\/posts\/3026\/revisions\/3028"}],"wp:featuredmedia":[{"embeddable":true,"href":"https:\/\/pasaenmendoza.com\/index.php?rest_route=\/wp\/v2\/media\/3027"}],"wp:attachment":[{"href":"https:\/\/pasaenmendoza.com\/index.php?rest_route=%2Fwp%2Fv2%2Fmedia&parent=3026"}],"wp:term":[{"taxonomy":"category","embeddable":true,"href":"https:\/\/pasaenmendoza.com\/index.php?rest_route=%2Fwp%2Fv2%2Fcategories&post=3026"},{"taxonomy":"post_tag","embeddable":true,"href":"https:\/\/pasaenmendoza.com\/index.php?rest_route=%2Fwp%2Fv2%2Ftags&post=3026"}],"curies":[{"name":"wp","href":"https:\/\/api.w.org\/{rel}","templated":true}]}}