{"id":3035,"date":"2023-11-15T12:50:53","date_gmt":"2023-11-15T11:50:53","guid":{"rendered":"https:\/\/pasaenmendoza.com\/?p=3035"},"modified":"2023-11-15T12:50:54","modified_gmt":"2023-11-15T11:50:54","slug":"el-brutal-ablande-que-narro-un-testigo-para-que-accediera-a-pagarle-a-walter-bento","status":"publish","type":"post","link":"https:\/\/pasaenmendoza.com\/?p=3035","title":{"rendered":"El brutal &#8220;ablande&#8221; que narr\u00f3 un testigo para que accediera a pagarle a Walter Bento"},"content":{"rendered":"\n<p>Se trata de Gonzalo Ram\u00edrez Madrid, aduanero que dijo haber recibido aprietes para pagar a cambio de su libertad. &#8220;Sent\u00ed la muerte como nunca antes&#8221;, narr\u00f3.<\/p>\n\n\n\n<p>La declaraci\u00f3n\u00a0testimonial del aduanero Gonz\u00e1lo Ram\u00edrez Madrid\u00a0fue cruenta. El aduanero estuvo detenido en el a\u00f1o 2014 y asegur\u00f3 que intentaron &#8220;ablandarlo&#8221; con m\u00e9todos torturantes para convencerlo de pagar 40 mil d\u00f3lares a cambio de su libertad. Adem\u00e1s, le ped\u00edan que junten otros 200 mil d\u00f3lares con el resto de los detenidos en la causa &#8220;I\u00f1iguez&#8221;. Ram\u00edrez Madrid acus\u00f3 directamente a\u00a0<strong>Walter Bento\u00a0<\/strong>como el responsable de las vejaciones que sufri\u00f3.<\/p>\n\n\n\n<p>&#8220;Bento me tuvo en la U32 durante 11 d\u00edas y me neg\u00f3 la excarcelaci\u00f3n. Me mand\u00f3 al penal de Boulogne Sur Mer y empec\u00e9 a recibir llamados de\u00a0<strong>Diego Aliaga<\/strong>&#8220;, manifest\u00f3 el aduanero que fue desvinculado y condenado en la causa I\u00f1iguez. Ram\u00edrez Madrid dijo que forzaron su condena para descalificarlo porque denunci\u00f3 a Bento penalmente por los abusos de autoridad y tambi\u00e9n a los funcionaron aduaneros que lo querellaron.<\/p>\n\n\n\n<p>Pero lo m\u00e1s duro del testimonio de Ram\u00edrez Madrid tuvo que ver con los aprietes para que pagara a cambio de su libertad. El encargado de pedir el dinero fue\u00a0<strong>Diego Aliaga<\/strong>, a quien conoc\u00eda desde el a\u00f1o 2006 por su rol de despachante de aduana. &#8220;Ten\u00eda una personalidad particular. Era entrador, estudioso, inteligente y confianzudo. La relaci\u00f3n con el en general fue buena&#8221;, manifest\u00f3 y luego cont\u00f3 c\u00f3mo cambi\u00f3 todo cuando lo detuvieron. &#8220;Me llam\u00f3 por tel\u00e9fono al celular que ten\u00eda dentro del penal y me dijo que era el &#8216;Loquillo&#8217;. Es el apodo con el que conoc\u00eda a\u00a0<strong>Aliaga<\/strong>. Me dijo &#8216;te la voy a hacer corta, para salir ten\u00e9s que poner 40 mil d\u00f3lares y juntar a los otros imputados para reunir 200 mil d\u00f3lares&#8217;. Me dijo que era para el VolksWagen en referencia a Bento&#8221;, se\u00f1al\u00f3. &#8220;Me dijo que no estaba en condiciones de pedir nada. O pon\u00eda la guita o me podr\u00eda en la c\u00e1rcel&#8221;, adhiri\u00f3 y dijo que le sorprendi\u00f3 como el Aliaga simp\u00e1tico se transform\u00f3 en &#8220;un monstruo&#8221;.<\/p>\n\n\n\n<p>&#8220;Cada llamado para mi era una sensaci\u00f3n de ser aplastado. Yo sab\u00eda que \u00e9l ten\u00eda llegada al juez. Lo ventilaba de manera constante. Sab\u00eda que \u00e9l hab\u00eda logrado su sobreseimiento. Que dec\u00eda que manejaba la aduana,&nbsp;etc.&nbsp;M\u00e1s all\u00e1 de la exageraci\u00f3n, sab\u00eda que hab\u00eda algo de verdad&#8221;, record\u00f3.&nbsp;<\/p>\n\n\n\n<p>Pero al igual que otros imputados se neg\u00f3 a pagar a cambio de su libertad. En ese punto, dijo que quisieron &#8220;ablandarlo&#8221; con m\u00e9todos que violan los derechos humanos. &#8220;Ac\u00e1 algunos acusados hablan de&nbsp;violaciones tremendas a los derechos humanos. Les digo bienvenidos al club&#8221;, manifest\u00f3.<\/p>\n\n\n\n<p>Por ejemplo mencion\u00f3 que lo citaron a dar indagatoria en el marco del sumario administrativo que le iniciaron en Aduana. Para ello, Bento dispuso trasladarlo hasta la sede de Aduana en Garibaldi y San Mart\u00edn, algo que Gonz\u00e1lez Ram\u00edrez Madrid se neg\u00f3 a hacer. &#8220;Yo ten\u00eda derecho a no declarar. Quer\u00edan llevarme en un cami\u00f3n de traslado, esposado frente a todos mis compa\u00f1eros&#8221;, manifest\u00f3. El juez decidi\u00f3 citarlo entonces a Tribunales Federales pero Ram\u00edrez Madrid tampoco acept\u00f3. &#8220;El 3 de septiembre present\u00e9 una nota diciendo que no iba a asistir. &#8220;El 4 de septiembre en la ma\u00f1ana se presenta el celador al pabell\u00f3n y grita a viva voz los nombres de los internos con audiencia. Me llaman a m\u00ed. Me levanto y explico que no iba a concurrir y que hab\u00eda presentado una&nbsp;nota. Me vuelvo a dormir y al rato vienen del Grupo Especial Penitenciario para decirme que me vest\u00eda o me llevaban a la rastra- Me llevaron al \u00e1rea de requisa previa, me hicieron desnudar y me tiraron al jaulon desnudo. Hac\u00eda fr\u00edo. Ya no me acuerdo si tiritaba por miedo o por fr\u00edo. Sent\u00ed la muerte como nunca antes. Preguntaba \u00bfpor qu\u00e9 me hacen esto? Me dec\u00edan &#8216;son \u00f3rdenes del juez&#8217;. Estaba quebrado&#8221;, confes\u00f3.&nbsp;<\/p>\n\n\n\n<p>Al final, no lo trasladaron a ning\u00fan lado y reci\u00e9n tres a\u00f1os despu\u00e9s dio su declaraci\u00f3n en el marco de la causa administrativa. &#8220;Parece que al final no era tan urgente&#8221;, advirti\u00f3. Por todo ello, en 2018 denunci\u00f3 a&nbsp;<strong>Walter Bento&nbsp;<\/strong>por apremios ilegales y la causa cay\u00f3 en el juzgado de Bento, al que recus\u00f3. &#8220;Mi causa la tuvo el juez Marcelo Fabi\u00e1n Garnica dando vueltas pero cuando apareci\u00f3 esta otra causa se excus\u00f3 de participar por ser amigo de Bento. Inmediatamente lo recus\u00e9 en mi causa y se apart\u00f3&#8221;, manifest\u00f3 y dijo que fue muy dif\u00edcil denunciar a Bento antes incluso de que se iniciara la investigaci\u00f3n que termin\u00f3 en su destituci\u00f3n.<\/p>\n\n\n\n<p>Seg\u00fan Ram\u00edrez Madrid, Aliaga tambi\u00e9n le pidi\u00f3 dinero a familiares de otros imputados en la causa I\u00f1iguez, entre ellos Rosa Fern\u00e1ndez que termin\u00f3 pagando y saliendo en libertad. &#8220;A Aliaga lo volv\u00ed a ver cuando sal\u00ed en libertad. Fue ac\u00e1 en el edificio de Tribunales Federales creo que en dos oportunidades. Yo ven\u00eda seguido porque antes de un viaje firmaba el sometimiento a proceso.&nbsp;<\/p>\n\n\n\n<p>&#8220;La primera vez que lo vi me qued\u00e9 helado. Internamente me provocaba violencia pero \u00e9l me dio un abrazo y me dijo &#8216;me alegra verte afuera&#8217;. &#8216;Vos me tendr\u00edas que haber hecho caso&#8217;, me dijo. &#8216;Si vos sab\u00e9s que yo manejo todo'&#8221;, asegur\u00f3 Ram\u00edrez Madrid y afirm\u00f3 qeu cuando Aliaga lo apretaba ten\u00eda datos que confirmaban su acceso al expediente. &#8220;Me lo vuelvo a encontrar tiempo despu\u00e9s y ya ten\u00eda los tiros que le hab\u00edan pegado en un asalto. Me muestra las cicatrices y ah\u00ed me dice que me equivoqu\u00e9 en denunciarlo a Bento. \u00c9l ya lo sab\u00eda. Me dijo que eso me iba a costar caro. Es comentario me confirmaba que hab\u00eda comunicaci\u00f3n. \u00bfC\u00f3mo sab\u00eda \u00e9l de la denuncia?&#8221;, concluy\u00f3.<\/p>\n\n\n\n<p>FUENTE: Mdzonline.<\/p>\n","protected":false},"excerpt":{"rendered":"<p>Se trata de Gonzalo Ram\u00edrez Madrid, aduanero que dijo haber recibido aprietes para pagar a cambio de su libertad. &#8220;Sent\u00ed la muerte como nunca antes&#8221;, narr\u00f3. La declaraci\u00f3n\u00a0testimonial del aduanero Gonz\u00e1lo Ram\u00edrez Madrid\u00a0fue cruenta. El aduanero estuvo detenido en el a\u00f1o 2014 y asegur\u00f3 que intentaron &#8220;ablandarlo&#8221; con m\u00e9todos torturantes para convencerlo de pagar 40 [&hellip;]<\/p>\n","protected":false},"author":2,"featured_media":2838,"comment_status":"open","ping_status":"open","sticky":true,"template":"","format":"standard","meta":[],"categories":[47],"tags":[],"_links":{"self":[{"href":"https:\/\/pasaenmendoza.com\/index.php?rest_route=\/wp\/v2\/posts\/3035"}],"collection":[{"href":"https:\/\/pasaenmendoza.com\/index.php?rest_route=\/wp\/v2\/posts"}],"about":[{"href":"https:\/\/pasaenmendoza.com\/index.php?rest_route=\/wp\/v2\/types\/post"}],"author":[{"embeddable":true,"href":"https:\/\/pasaenmendoza.com\/index.php?rest_route=\/wp\/v2\/users\/2"}],"replies":[{"embeddable":true,"href":"https:\/\/pasaenmendoza.com\/index.php?rest_route=%2Fwp%2Fv2%2Fcomments&post=3035"}],"version-history":[{"count":1,"href":"https:\/\/pasaenmendoza.com\/index.php?rest_route=\/wp\/v2\/posts\/3035\/revisions"}],"predecessor-version":[{"id":3036,"href":"https:\/\/pasaenmendoza.com\/index.php?rest_route=\/wp\/v2\/posts\/3035\/revisions\/3036"}],"wp:featuredmedia":[{"embeddable":true,"href":"https:\/\/pasaenmendoza.com\/index.php?rest_route=\/wp\/v2\/media\/2838"}],"wp:attachment":[{"href":"https:\/\/pasaenmendoza.com\/index.php?rest_route=%2Fwp%2Fv2%2Fmedia&parent=3035"}],"wp:term":[{"taxonomy":"category","embeddable":true,"href":"https:\/\/pasaenmendoza.com\/index.php?rest_route=%2Fwp%2Fv2%2Fcategories&post=3035"},{"taxonomy":"post_tag","embeddable":true,"href":"https:\/\/pasaenmendoza.com\/index.php?rest_route=%2Fwp%2Fv2%2Ftags&post=3035"}],"curies":[{"name":"wp","href":"https:\/\/api.w.org\/{rel}","templated":true}]}}