{"id":3039,"date":"2023-11-15T13:03:18","date_gmt":"2023-11-15T12:03:18","guid":{"rendered":"https:\/\/pasaenmendoza.com\/?p=3039"},"modified":"2023-11-15T13:03:18","modified_gmt":"2023-11-15T12:03:18","slug":"vilche-contra-de-marchi-es-llamativo-que-explote-solo-con-algunos","status":"publish","type":"post","link":"https:\/\/pasaenmendoza.com\/?p=3039","title":{"rendered":"Vilche contra De Marchi: &#8220;Es llamativo que &#8216;explote&#8217; s\u00f3lo con algunos&#8221;"},"content":{"rendered":"\n<p>Luego de que se aprobara en la Legislatura el\u00a0<strong>Presupuesto 2024<\/strong>, el diputado provincial\u00a0<strong>Gabriel Vilche<\/strong>, perteneciente al partido\u00a0<strong>La Uni\u00f3n Mendocina<\/strong>\u00a0(LUM), fue objeto de cr\u00edticas por parte de\u00a0<strong>Omar De Marchi<\/strong>, luego de que\u00a0 votara a favor, a\u00a0pesar de que LUM habr\u00eda acordado previamente no apoyar dicho presupuesto.<\/p>\n\n\n\n<p>&#8220;En nuestro bloque, el diputado&nbsp;<strong>Gabriel Vilche<\/strong>, de San Rafael,&nbsp;<strong>traicion\u00f3 la decisi\u00f3n del bloque<\/strong>&nbsp;y vot\u00f3 a favor.&nbsp;<strong>No sabemos los motivos, pero los imaginamos<\/strong>. Todo huele mal&#8221;, dispar\u00f3 en las redes sociales De Marchi.<\/p>\n\n\n\n<p><strong>Vilche<\/strong>\u00a0habl\u00f3 con el\u00a0<em><strong>Post<\/strong><\/em>\u00a0y cont\u00f3 c\u00f3mo tom\u00f3 la reacci\u00f3n de De Marchi ante su voto positivo: &#8220;Estoy sorprendido.\u00a0<strong>Omar es una persona muy temperamental, no es la primera vez que explota<\/strong>.\u00a0<strong>Es llamativo que explote con algunos temas y con otros no. Y con algunas personas y con otras no, pero bueno<\/strong>&#8220;, haciendo referencia a que apunt\u00f3 contra \u00e9l y no contra\u00a0<strong>Jorge Difonso<\/strong>, de LUM, que tambi\u00e9n vot\u00f3 a favor.<br><\/p>\n\n\n\n<p>Sobre De Marchi y su temperamento,\u00a0<strong>Vilche<\/strong>\u00a0lo conoce muy bien: en mayo, fue \u00e9l quien<strong>\u00a0impidi\u00f3 que el l\u00edder de La Uni\u00f3n Mendocina terminara cara a cara con Mario Vadillo<\/strong>, luego de insultarse mutuamente en la Fiesta de la Ganader\u00eda de General Alvear, tal como se observa en el video inferior.<\/p>\n\n\n\n<p>Vilche adem\u00e1s asegur\u00f3 que \u00e9l ya hab\u00eda anticipado c\u00f3mo iba a votar en la sesi\u00f3n: &#8220;Justamente en mi voto yo describ\u00ed que&nbsp;<strong>no estaba de acuerdo con la decisi\u00f3n de oponernos por oponernos<\/strong>. Aparte est\u00e1 en el manual de las buenas pr\u00e1cticas legislativas,&nbsp;<strong>el primer presupuesto de un mandatario que va a asumir siempre se otorga&#8221;.<\/strong><\/p>\n\n\n\n<p>&#8220;Mi voto no cambiaba la aprobaci\u00f3n o no del presupuesto. Creo que las elecciones pasaron, que nos estamos enfrentando a una elecci\u00f3n nacional con mucha incertidumbre y\u00a0<strong>creo que deber\u00edamos ser constructivos<\/strong>&#8220;, a\u00f1adi\u00f3 Vilche.<\/p>\n\n\n\n<p>&#8220;Tengo un profundo respeto por las dos figuras m\u00e1s preponderantes, m\u00e1s relevantes y m\u00e1s importantes de la provincia pol\u00edtica de la actualidad. Considero que Omar (De Marchi) es una persona sumamente importante y valiosa en la provincia&#8221;, se\u00f1al\u00f3 sobre el diputado nacional y su relaci\u00f3n con \u00e9l.<\/p>\n\n\n\n<p>&#8220;Creo que<strong>\u00a0hay que empezar a ser un poco de meaculpa sincera<\/strong>,\u00a0<strong>salir del fanatismo y empezar a tomar las cosas por la importancia que se merece y las cosas secundarias no tanto<\/strong>&#8220;.<\/p>\n\n\n\n<p>Por otro lado, asegur\u00f3 que a\u00fan no se ha comunicado con Omar De Marchi y que espera poder dialogar cuando se calmen las cosas: &#8220;Seguramente en alg\u00fan momento vamos a tener la posibilidad de charlar, yo estoy predispuesto siempre al consenso, a la charla, al di\u00e1logo, a ponernos de acuerdo.<strong>\u00a0No he publicado nada, no voy a publicar nada, prefiero esperar a que se calmen las aguas<\/strong>&#8220;.\u00a0<\/p>\n\n\n\n<p>\u00bfQui\u00e9n es Gabriel Vilche?<\/p>\n\n\n\n<p><strong>Gabriel Vilche<\/strong>&nbsp;fue jefe de Bioingenier\u00eda en hospital Schestakow en San Rafael. En 2016 comenz\u00f3 sus primeros pasos en la pol\u00edtica e ingres\u00f3 al PRO para encabezar el partido en San Rafael. En la actualidad es el vicepresidente de dicho partido en el departamento sure\u00f1o.<\/p>\n\n\n\n<p>En el a\u00f1o 2021 particip\u00f3 de la lista del Frente Cambia Mendoza. Vilche figur\u00f3 como diputado del tercer distrito y gracias a la victoria de la lista ingres\u00f3 a la Legislatura en mayo del 2022.<\/p>\n\n\n\n<p>El tuit de Omar De Marchi<\/p>\n\n\n\n<p>&#8220;Ayer hubo media sanci\u00f3n del Presupuesto 2024 por acuerdo entre dos viejos socios: Cornejo y el PJ. En nuestro bloque, el diputado&nbsp;<strong>Gabriel Vilche<\/strong>, de San Rafael, traicion\u00f3 la decisi\u00f3n del bloque y vot\u00f3 a favor. No sabemos los motivos, pero los imaginamos. Todo huele mal&#8221;, dispar\u00f3 De Marchi en su cuenta de X(ex Twitter).<\/p>\n\n\n\n<p>&#8220;Mendoza se parece cada vez m\u00e1s a un feudo norte\u00f1o. Uso de recursos p\u00fablicos y abuso de poder, corrompen la institucionalidad partidaria. Aunque en este caso la culpa no es del que le da de comer sino del chancho. Justicia selectiva, controles ausentes y corrupci\u00f3n. As\u00ed estamos&#8221;, cerr\u00f3 su hilo de X.<\/p>\n\n\n\n<p>FUENTE: mendozapost.<\/p>\n","protected":false},"excerpt":{"rendered":"<p>Luego de que se aprobara en la Legislatura el\u00a0Presupuesto 2024, el diputado provincial\u00a0Gabriel Vilche, perteneciente al partido\u00a0La Uni\u00f3n Mendocina\u00a0(LUM), fue objeto de cr\u00edticas por parte de\u00a0Omar De Marchi, luego de que\u00a0 votara a favor, a\u00a0pesar de que LUM habr\u00eda acordado previamente no apoyar dicho presupuesto. &#8220;En nuestro bloque, el diputado&nbsp;Gabriel Vilche, de San Rafael,&nbsp;traicion\u00f3 la [&hellip;]<\/p>\n","protected":false},"author":2,"featured_media":3040,"comment_status":"open","ping_status":"open","sticky":true,"template":"","format":"standard","meta":[],"categories":[47],"tags":[],"_links":{"self":[{"href":"https:\/\/pasaenmendoza.com\/index.php?rest_route=\/wp\/v2\/posts\/3039"}],"collection":[{"href":"https:\/\/pasaenmendoza.com\/index.php?rest_route=\/wp\/v2\/posts"}],"about":[{"href":"https:\/\/pasaenmendoza.com\/index.php?rest_route=\/wp\/v2\/types\/post"}],"author":[{"embeddable":true,"href":"https:\/\/pasaenmendoza.com\/index.php?rest_route=\/wp\/v2\/users\/2"}],"replies":[{"embeddable":true,"href":"https:\/\/pasaenmendoza.com\/index.php?rest_route=%2Fwp%2Fv2%2Fcomments&post=3039"}],"version-history":[{"count":1,"href":"https:\/\/pasaenmendoza.com\/index.php?rest_route=\/wp\/v2\/posts\/3039\/revisions"}],"predecessor-version":[{"id":3041,"href":"https:\/\/pasaenmendoza.com\/index.php?rest_route=\/wp\/v2\/posts\/3039\/revisions\/3041"}],"wp:featuredmedia":[{"embeddable":true,"href":"https:\/\/pasaenmendoza.com\/index.php?rest_route=\/wp\/v2\/media\/3040"}],"wp:attachment":[{"href":"https:\/\/pasaenmendoza.com\/index.php?rest_route=%2Fwp%2Fv2%2Fmedia&parent=3039"}],"wp:term":[{"taxonomy":"category","embeddable":true,"href":"https:\/\/pasaenmendoza.com\/index.php?rest_route=%2Fwp%2Fv2%2Fcategories&post=3039"},{"taxonomy":"post_tag","embeddable":true,"href":"https:\/\/pasaenmendoza.com\/index.php?rest_route=%2Fwp%2Fv2%2Ftags&post=3039"}],"curies":[{"name":"wp","href":"https:\/\/api.w.org\/{rel}","templated":true}]}}