{"id":3042,"date":"2023-11-15T13:06:59","date_gmt":"2023-11-15T12:06:59","guid":{"rendered":"https:\/\/pasaenmendoza.com\/?p=3042"},"modified":"2023-11-15T13:07:00","modified_gmt":"2023-11-15T12:07:00","slug":"con-una-mejora-de-su-oferta-salarial-el-gobierno-busca-evitar-paros-gremiales","status":"publish","type":"post","link":"https:\/\/pasaenmendoza.com\/?p=3042","title":{"rendered":"Con una mejora de su oferta salarial, el Gobierno busca evitar paros gremiales"},"content":{"rendered":"\n<p>Ampros y ATE convocaron a una movilizaci\u00f3n para este mi\u00e9rcoles. El SUTE define en plenario si acepta el ofrecimiento. Cu\u00e1l es la nueva propuesta del Ejecutivo.<\/p>\n\n\n\n<p>La Asociaci\u00f3n Mendocina de los Profesionales de la Salud (<strong>Ampros<\/strong>) y la Asociaci\u00f3n de Trabajadores del Estado (<strong>ATE<\/strong>) llevan adelante desde la semana pasada diferentes medidas de fuerza, que tendr\u00e1n su punto c\u00falmine este&nbsp;<strong>mi\u00e9rcoles<\/strong>, con un&nbsp;<strong>paro, retenci\u00f3n de servicios y movilizaci\u00f3n por las calles c\u00e9ntricas<\/strong>, en reclamo de mejoras salariales.<\/p>\n\n\n\n<p>La propuesta elevada por el Gobierno en paritarias no convenci\u00f3 a los representantes de dos de los principales gremios estatales, que organizaron un\u00a0<strong>plan de lucha<\/strong>. En ese contexto, el Ejecutivo\u00a0<strong>reformul\u00f3 la oferta salarial.<\/strong><\/p>\n\n\n\n<p><em>\u201cEl Gobierno propuso un incremento al b\u00e1sico del 15% en noviembre y 15% en diciembre. Esta iniciativa supera a la anterior, donde el ofrecimiento era del 14% en cada mes\u201d<\/em>, indicaron fuentes oficiales.<\/p>\n\n\n\n<p>La nueva propuesta se conoce tras la aprobaci\u00f3n del\u00a0<strong>Presupuesto provincial<\/strong>\u00a0para el pr\u00f3ximo a\u00f1o y el \u00edndice de\u00a0<strong>inflaci\u00f3n<\/strong>\u00a0de octubre, que en Mendoza registr\u00f3 7,9%.<\/p>\n\n\n\n<p><em>\u201cSe trata de un cambio que busca calibrar los incrementos salariales con las proyecciones de inflaci\u00f3n, ca\u00edda de los recursos coparticipables, cambios en la recaudaci\u00f3n propia y dem\u00e1s gastos de funcionamiento del Estado\u201d<\/em>, afirmaron desde Casa de Gobierno.<\/p>\n\n\n\n<p>Sin embargo, desde&nbsp;<strong>Ampros&nbsp;<\/strong>indicaron que no han recibido una nueva propuesta por parte del Ejecutivo.&nbsp;<em>\u201cEs una maniobra para levantar el paro, no hay absolutamente ning\u00fan ofrecimiento\u201d<\/em>, expresaron fuentes gremiales, que ratificaron la medida de fuerza.<\/p>\n\n\n\n<h2 class=\"wp-block-heading\" id=\"h-malestar-gremial\">Malestar gremial<\/h2>\n\n\n\n<p><strong>Ampros&nbsp;<\/strong>realiz\u00f3 asambleas de una hora en todos los efectores de salud de la provincia desde el pasado martes 7 hasta este mi\u00e9rcoles, cuando llevar\u00e1 adelante un&nbsp;<strong>paro sin asistencia a los lugares de trabajo con movilizaci\u00f3n<\/strong>&nbsp;por las calles de la Ciudad.<\/p>\n\n\n\n<p><em>\u201cLa indignaci\u00f3n de los profesionales de la salud se basa fundamentalmente en la evidencia que la recaudaci\u00f3n de la provincia, durante todo el 2022 y 2023 ha sido superior a la inflaci\u00f3n y que no se ha visto reflejada en los salarios de los profesionales. Por el contrario, se demuestra que hemos sido la variable de ajuste\u201d<\/em>, coment\u00f3\u00a0<strong>Claudia Iturbe<\/strong>, secretaria general de Ampros.<\/p>\n\n\n\n<p>En el caso de&nbsp;<strong>ATE<\/strong>, tambi\u00e9n implement\u00f3 asambleas de entre tres y cuatro horas de duraci\u00f3n, trabajo restringido y quite de colaboraci\u00f3n. En tanto, este mi\u00e9rcoles habr\u00e1&nbsp;<strong>una retenci\u00f3n total de servicios, con atenci\u00f3n como d\u00edas s\u00e1bados y domingos, y traslado de las asambleas a las calles.<\/strong><\/p>\n\n\n\n<p><em>\u201cEn el sector de la Salud, la atenci\u00f3n ser\u00e1 reducida considerablemente, respetando guardias m\u00ednimas\u201d<\/em>, anticip\u00f3 Roberto Macho, secretario general de ATE Mendoza. Y agreg\u00f3 que el reclamo al Gobierno es por&nbsp;<em>\u201cun aumento salarial que alcance a cubrir el costo de la canasta alimentaria\u201d.&nbsp;<\/em><\/p>\n\n\n\n<h2 class=\"wp-block-heading\" id=\"h-que-pasa-con-los-docentes\">Qu\u00e9 pasa con los docentes<\/h2>\n\n\n\n<p>A diferencia de ATE y Ampros, el\u00a0Sindicato Unido de Trabajadores de la Educaci\u00f3n (<strong>SUTE<\/strong>) baj\u00f3 la\u00a0propuesta salarial\u00a0a las bases. Este mi\u00e9rcoles habr\u00e1 un plenario para definir si se acepta o rechaza la oferta.<\/p>\n\n\n\n<p>En concreto, los paritarios de la Provincia ofrecieron\u00a0un aumento para noviembre y diciembre de 14% al b\u00e1sico (ahora se ajust\u00f3 y ser\u00e1 15% cada mes), m\u00e1s otro 18% en el estado docente, uno de los \u00edtems que forma parte del bono salarial de los educadores. Respecto de los\u00a0celadores, la propuesta es similar.<\/p>\n\n\n\n<p>FUENTE: elsol.com.ar <\/p>\n","protected":false},"excerpt":{"rendered":"<p>Ampros y ATE convocaron a una movilizaci\u00f3n para este mi\u00e9rcoles. El SUTE define en plenario si acepta el ofrecimiento. Cu\u00e1l es la nueva propuesta del Ejecutivo. La Asociaci\u00f3n Mendocina de los Profesionales de la Salud (Ampros) y la Asociaci\u00f3n de Trabajadores del Estado (ATE) llevan adelante desde la semana pasada diferentes medidas de fuerza, que [&hellip;]<\/p>\n","protected":false},"author":2,"featured_media":3043,"comment_status":"open","ping_status":"open","sticky":true,"template":"","format":"standard","meta":[],"categories":[47],"tags":[],"_links":{"self":[{"href":"https:\/\/pasaenmendoza.com\/index.php?rest_route=\/wp\/v2\/posts\/3042"}],"collection":[{"href":"https:\/\/pasaenmendoza.com\/index.php?rest_route=\/wp\/v2\/posts"}],"about":[{"href":"https:\/\/pasaenmendoza.com\/index.php?rest_route=\/wp\/v2\/types\/post"}],"author":[{"embeddable":true,"href":"https:\/\/pasaenmendoza.com\/index.php?rest_route=\/wp\/v2\/users\/2"}],"replies":[{"embeddable":true,"href":"https:\/\/pasaenmendoza.com\/index.php?rest_route=%2Fwp%2Fv2%2Fcomments&post=3042"}],"version-history":[{"count":1,"href":"https:\/\/pasaenmendoza.com\/index.php?rest_route=\/wp\/v2\/posts\/3042\/revisions"}],"predecessor-version":[{"id":3044,"href":"https:\/\/pasaenmendoza.com\/index.php?rest_route=\/wp\/v2\/posts\/3042\/revisions\/3044"}],"wp:featuredmedia":[{"embeddable":true,"href":"https:\/\/pasaenmendoza.com\/index.php?rest_route=\/wp\/v2\/media\/3043"}],"wp:attachment":[{"href":"https:\/\/pasaenmendoza.com\/index.php?rest_route=%2Fwp%2Fv2%2Fmedia&parent=3042"}],"wp:term":[{"taxonomy":"category","embeddable":true,"href":"https:\/\/pasaenmendoza.com\/index.php?rest_route=%2Fwp%2Fv2%2Fcategories&post=3042"},{"taxonomy":"post_tag","embeddable":true,"href":"https:\/\/pasaenmendoza.com\/index.php?rest_route=%2Fwp%2Fv2%2Ftags&post=3042"}],"curies":[{"name":"wp","href":"https:\/\/api.w.org\/{rel}","templated":true}]}}