{"id":3048,"date":"2023-11-15T13:48:45","date_gmt":"2023-11-15T12:48:45","guid":{"rendered":"https:\/\/pasaenmendoza.com\/?p=3048"},"modified":"2023-11-15T13:48:46","modified_gmt":"2023-11-15T12:48:46","slug":"mataron-de-9-balazos-a-un-joven-de-24-anos-en-guaymallen","status":"publish","type":"post","link":"https:\/\/pasaenmendoza.com\/?p=3048","title":{"rendered":"Mataron de 9 balazos a un joven de 24 a\u00f1os en Guaymall\u00e9n"},"content":{"rendered":"\n<p>Un&nbsp;<strong>joven de 24 a\u00f1os fue asesinado<\/strong>&nbsp;durante la madrugada en el departamento de Guaymall\u00e9n.<\/p>\n\n\n\n<p>La v\u00edctima fue identificada como&nbsp;<strong>Franco Quiroga<\/strong>, quien fue encontrado sin signos vitales en la intersecci\u00f3n de calles Sarmiento y Francisco Delgado. El joven estaba&nbsp; tendido boca abajo y ten\u00eda heridas de bala.<\/p>\n\n\n\n<p>Seg\u00fan inform\u00f3 la Polic\u00eda, Quiroga ten\u00eda un disparo en su rostro y otro en el gemelo de su pierna derecha. Los efectivos que llegaron a la zona, notaron que el cuerpo hab\u00eda sido arrastrado por la calle y descartado en la esquina.<\/p>\n\n\n\n<p>Familiares de la v\u00edctima llegaron a la zona y el padre identific\u00f3 a Franco Quiroga. Al ser identificado, los efectivos determinaron que el asesinado viv\u00eda en el barrio San Jorge de Guaymall\u00e9n y que presentaba antecedentes penales.<\/p>\n\n\n\n<p>El padre de Quiroga dio cuenta de que su hijo ten\u00eda problemas &#8220;de vieja data&#8221; con un grupo de la zona, por lo que la hip\u00f3tesis apunta a un ajuste de cuentas.<\/p>\n\n\n\n<p><strong>Fuente: www.mendozapost.com<\/strong><\/p>\n","protected":false},"excerpt":{"rendered":"<p>Un&nbsp;joven de 24 a\u00f1os fue asesinado&nbsp;durante la madrugada en el departamento de Guaymall\u00e9n. La v\u00edctima fue identificada como&nbsp;Franco Quiroga, quien fue encontrado sin signos vitales en la intersecci\u00f3n de calles Sarmiento y Francisco Delgado. El joven estaba&nbsp; tendido boca abajo y ten\u00eda heridas de bala. Seg\u00fan inform\u00f3 la Polic\u00eda, Quiroga ten\u00eda un disparo en su [&hellip;]<\/p>\n","protected":false},"author":2,"featured_media":3049,"comment_status":"open","ping_status":"open","sticky":false,"template":"","format":"standard","meta":[],"categories":[48],"tags":[],"_links":{"self":[{"href":"https:\/\/pasaenmendoza.com\/index.php?rest_route=\/wp\/v2\/posts\/3048"}],"collection":[{"href":"https:\/\/pasaenmendoza.com\/index.php?rest_route=\/wp\/v2\/posts"}],"about":[{"href":"https:\/\/pasaenmendoza.com\/index.php?rest_route=\/wp\/v2\/types\/post"}],"author":[{"embeddable":true,"href":"https:\/\/pasaenmendoza.com\/index.php?rest_route=\/wp\/v2\/users\/2"}],"replies":[{"embeddable":true,"href":"https:\/\/pasaenmendoza.com\/index.php?rest_route=%2Fwp%2Fv2%2Fcomments&post=3048"}],"version-history":[{"count":1,"href":"https:\/\/pasaenmendoza.com\/index.php?rest_route=\/wp\/v2\/posts\/3048\/revisions"}],"predecessor-version":[{"id":3050,"href":"https:\/\/pasaenmendoza.com\/index.php?rest_route=\/wp\/v2\/posts\/3048\/revisions\/3050"}],"wp:featuredmedia":[{"embeddable":true,"href":"https:\/\/pasaenmendoza.com\/index.php?rest_route=\/wp\/v2\/media\/3049"}],"wp:attachment":[{"href":"https:\/\/pasaenmendoza.com\/index.php?rest_route=%2Fwp%2Fv2%2Fmedia&parent=3048"}],"wp:term":[{"taxonomy":"category","embeddable":true,"href":"https:\/\/pasaenmendoza.com\/index.php?rest_route=%2Fwp%2Fv2%2Fcategories&post=3048"},{"taxonomy":"post_tag","embeddable":true,"href":"https:\/\/pasaenmendoza.com\/index.php?rest_route=%2Fwp%2Fv2%2Ftags&post=3048"}],"curies":[{"name":"wp","href":"https:\/\/api.w.org\/{rel}","templated":true}]}}