{"id":3052,"date":"2023-11-15T13:52:50","date_gmt":"2023-11-15T12:52:50","guid":{"rendered":"https:\/\/pasaenmendoza.com\/?p=3052"},"modified":"2023-11-15T13:52:51","modified_gmt":"2023-11-15T12:52:51","slug":"ampros-convoco-a-un-paro-este-miercoles-y-se-moviliza-a-la-casa-de-gobierno","status":"publish","type":"post","link":"https:\/\/pasaenmendoza.com\/?p=3052","title":{"rendered":"AMPROS convoc\u00f3 a un paro este mi\u00e9rcoles y se moviliza a la Casa de Gobierno"},"content":{"rendered":"\n<p>Este mi\u00e9rcoles los efectores p\u00fablicos de la provincia est\u00e1n afectados por\u00a0<strong>un paro<\/strong>. La Asociaci\u00f3n Mendocina de Profesionales de la Salud (<strong>AMPROS<\/strong>) ven\u00eda realizando\u00a0<strong>una serie de medidas de fuerza en protesta por los salarios<\/strong>\u00a0tras fracasar las\u00a0<strong>negociaciones paritarias<\/strong>\u00a0con el gobierno. Y para el 15 de noviembre decidieron no asistir a los lugares de trabajo y realizar movilizaciones.<\/p>\n\n\n\n<p>Seg\u00fan precisaron desde el gremio,\u00a0<strong>los hospitales y centros de salud tendr\u00e1n guardias m\u00ednimas.\u00a0<\/strong>Una de las marchas comenzar\u00e1 en el Nudo Vial de Costanera y terminar\u00e1 en Casa de Gobierno.<\/p>\n\n\n\n<p>Tras la Asamblea que realizaron la semana pasada,&nbsp;<strong>Claudia Iturbe<\/strong>, secretaria general de AMPROS, asegur\u00f3 luego de la reuni\u00f3n de delegados: \u201cLa&nbsp;<strong>indignaci\u00f3n<\/strong>&nbsp;de los profesionales de la salud se basa fundamentalmente en la evidencia que la recaudaci\u00f3n de la provincia, durante todo el 2022 y 2023 ha sido superior a la inflaci\u00f3n y que no se ha visto reflejada en los salarios de los profesionales. Por el contrario, se demuestra que&nbsp;<strong>hemos sido la variable de ajuste<\/strong>. Esto impacta fuertemente en el acceso a la salud de la poblaci\u00f3n porque disminuye el recurso humano, que termina abandonando la Salud P\u00fablica\u201d.<\/p>\n\n\n\n<p>La oferta salarial del Gobierno establec\u00eda un aumento del\u00a0<strong>14% sobre la asignaci\u00f3n de clase para los meses de noviembre y diciembre<\/strong>, calculado sobre la base de diciembre de 2022. Durante el primer trimestre de 2024 se propuso un incremento para los meses de enero, febrero y marzo de 2024 del 5,80% para cada mes, calculado sobre la asignaci\u00f3n de clase de diciembre de 2023, no acumulativo.<\/p>\n\n\n\n<p>Dicha propuesta contemplaba<strong>&nbsp;reunirse con la entidad gremial el 3 de abril de 2024<\/strong>&nbsp;con el fin de revisar el incremento sobre la asignaci\u00f3n de clase. En caso de que la inflaci\u00f3n acumulada entre enero y febrero de 2024 supere el 12%,<strong>&nbsp;el Gobierno se compromete a adelantar el proceso de negociaci\u00f3n salarial<\/strong>.<\/p>\n\n\n\n<p>En la madrugada de este mi\u00e9rcoles, por otra parte,&nbsp;<strong>fuentes oficiales difundieron una nueva oferta salarial<\/strong>, aunque desde AMPROS respondieron que esa propuesta&nbsp;<strong>no ha sido extendida formalmente&nbsp;<\/strong>y hasta acusaron a los negociadores oficiales de intentar una estrategia para desactivar el paro.<\/p>\n\n\n\n<p>El ministro de Hacienda,\u00a0<strong>V\u00edctor Fayad<\/strong>, neg\u00f3 esas acusaciones en di\u00e1logo con el programa &#8220;Hola Mendoza&#8221; (Canal 7) y prometi\u00f3 que\u00a0<strong>la nueva oferta ser\u00e1 remitida formalmente en el transcurso de la ma\u00f1ana<\/strong>.<\/p>\n\n\n\n<p><strong>Fuente: www.diariouno.com.ar<\/strong><\/p>\n","protected":false},"excerpt":{"rendered":"<p>Este mi\u00e9rcoles los efectores p\u00fablicos de la provincia est\u00e1n afectados por\u00a0un paro. La Asociaci\u00f3n Mendocina de Profesionales de la Salud (AMPROS) ven\u00eda realizando\u00a0una serie de medidas de fuerza en protesta por los salarios\u00a0tras fracasar las\u00a0negociaciones paritarias\u00a0con el gobierno. Y para el 15 de noviembre decidieron no asistir a los lugares de trabajo y realizar movilizaciones. [&hellip;]<\/p>\n","protected":false},"author":2,"featured_media":3053,"comment_status":"open","ping_status":"open","sticky":false,"template":"","format":"standard","meta":[],"categories":[58],"tags":[],"_links":{"self":[{"href":"https:\/\/pasaenmendoza.com\/index.php?rest_route=\/wp\/v2\/posts\/3052"}],"collection":[{"href":"https:\/\/pasaenmendoza.com\/index.php?rest_route=\/wp\/v2\/posts"}],"about":[{"href":"https:\/\/pasaenmendoza.com\/index.php?rest_route=\/wp\/v2\/types\/post"}],"author":[{"embeddable":true,"href":"https:\/\/pasaenmendoza.com\/index.php?rest_route=\/wp\/v2\/users\/2"}],"replies":[{"embeddable":true,"href":"https:\/\/pasaenmendoza.com\/index.php?rest_route=%2Fwp%2Fv2%2Fcomments&post=3052"}],"version-history":[{"count":1,"href":"https:\/\/pasaenmendoza.com\/index.php?rest_route=\/wp\/v2\/posts\/3052\/revisions"}],"predecessor-version":[{"id":3054,"href":"https:\/\/pasaenmendoza.com\/index.php?rest_route=\/wp\/v2\/posts\/3052\/revisions\/3054"}],"wp:featuredmedia":[{"embeddable":true,"href":"https:\/\/pasaenmendoza.com\/index.php?rest_route=\/wp\/v2\/media\/3053"}],"wp:attachment":[{"href":"https:\/\/pasaenmendoza.com\/index.php?rest_route=%2Fwp%2Fv2%2Fmedia&parent=3052"}],"wp:term":[{"taxonomy":"category","embeddable":true,"href":"https:\/\/pasaenmendoza.com\/index.php?rest_route=%2Fwp%2Fv2%2Fcategories&post=3052"},{"taxonomy":"post_tag","embeddable":true,"href":"https:\/\/pasaenmendoza.com\/index.php?rest_route=%2Fwp%2Fv2%2Ftags&post=3052"}],"curies":[{"name":"wp","href":"https:\/\/api.w.org\/{rel}","templated":true}]}}