{"id":3058,"date":"2023-11-15T14:06:45","date_gmt":"2023-11-15T13:06:45","guid":{"rendered":"https:\/\/pasaenmendoza.com\/?p=3058"},"modified":"2023-11-15T14:06:46","modified_gmt":"2023-11-15T13:06:46","slug":"asesinaron-a-un-empleado-judicial-para-robarle-su-auto-en-las-heras","status":"publish","type":"post","link":"https:\/\/pasaenmendoza.com\/?p=3058","title":{"rendered":"Asesinaron a un empleado judicial para robarle su auto en Las Heras"},"content":{"rendered":"\n<p>Un<strong>\u00a0hombre de 65 a\u00f1os de edad fue asesinado<\/strong>\u00a0este mi\u00e9rcoles por la ma\u00f1ana en la calle Pedro Pascual Segura, en el barrio Corti del departamento de Las Heras, a poco m\u00e1s de una cuadra de la Avenida San Mart\u00edn, en una de las zonas m\u00e1s transitadas de la comuna.<\/p>\n\n\n\n<p>Seg\u00fan los datos que aportaron los vecinos en el lugar del hecho, esto ocurri\u00f3 a primera hora de la ma\u00f1ana y el hombre se dirig\u00eda a trabajar, siempre lo hac\u00eda alrededor de las 6. La v\u00edctima era notificador oficial del Poder Judicial y&nbsp;<strong>ten\u00eda dos hijos<\/strong>.<\/p>\n\n\n\n<p>Eran cerca de las 6.15 de la ma\u00f1ana cuando\u00a0<strong>Fernando Walther Dias Peleytay<\/strong>\u00a0sac\u00f3 su Toyota Corolla, fue abordado por dos delincuentes que circulaban en una Volkswagen Suran, quienes quisieron robarle. Dias habr\u00eda puesto resistencia y los ladrones le dispararon.<\/p>\n\n\n\n<p>El Ministerio de Seguridad inform\u00f3 que los delincuentes le dispararon en la zona del hemitorax superior y la bala qued\u00f3 alojada dentro de su cuerpo. Dias muri\u00f3 en el instante.<\/p>\n\n\n\n<p>Al lugar lleg\u00f3 personal de la Unidad Investigativa Departamental y el fiscal Carlos Torres.<\/p>\n\n\n\n<p><strong>Fuente: www.mendozapost.com<\/strong><\/p>\n","protected":false},"excerpt":{"rendered":"<p>Un\u00a0hombre de 65 a\u00f1os de edad fue asesinado\u00a0este mi\u00e9rcoles por la ma\u00f1ana en la calle Pedro Pascual Segura, en el barrio Corti del departamento de Las Heras, a poco m\u00e1s de una cuadra de la Avenida San Mart\u00edn, en una de las zonas m\u00e1s transitadas de la comuna. Seg\u00fan los datos que aportaron los vecinos [&hellip;]<\/p>\n","protected":false},"author":2,"featured_media":3059,"comment_status":"open","ping_status":"open","sticky":false,"template":"","format":"standard","meta":[],"categories":[48],"tags":[],"_links":{"self":[{"href":"https:\/\/pasaenmendoza.com\/index.php?rest_route=\/wp\/v2\/posts\/3058"}],"collection":[{"href":"https:\/\/pasaenmendoza.com\/index.php?rest_route=\/wp\/v2\/posts"}],"about":[{"href":"https:\/\/pasaenmendoza.com\/index.php?rest_route=\/wp\/v2\/types\/post"}],"author":[{"embeddable":true,"href":"https:\/\/pasaenmendoza.com\/index.php?rest_route=\/wp\/v2\/users\/2"}],"replies":[{"embeddable":true,"href":"https:\/\/pasaenmendoza.com\/index.php?rest_route=%2Fwp%2Fv2%2Fcomments&post=3058"}],"version-history":[{"count":1,"href":"https:\/\/pasaenmendoza.com\/index.php?rest_route=\/wp\/v2\/posts\/3058\/revisions"}],"predecessor-version":[{"id":3060,"href":"https:\/\/pasaenmendoza.com\/index.php?rest_route=\/wp\/v2\/posts\/3058\/revisions\/3060"}],"wp:featuredmedia":[{"embeddable":true,"href":"https:\/\/pasaenmendoza.com\/index.php?rest_route=\/wp\/v2\/media\/3059"}],"wp:attachment":[{"href":"https:\/\/pasaenmendoza.com\/index.php?rest_route=%2Fwp%2Fv2%2Fmedia&parent=3058"}],"wp:term":[{"taxonomy":"category","embeddable":true,"href":"https:\/\/pasaenmendoza.com\/index.php?rest_route=%2Fwp%2Fv2%2Fcategories&post=3058"},{"taxonomy":"post_tag","embeddable":true,"href":"https:\/\/pasaenmendoza.com\/index.php?rest_route=%2Fwp%2Fv2%2Ftags&post=3058"}],"curies":[{"name":"wp","href":"https:\/\/api.w.org\/{rel}","templated":true}]}}