{"id":3072,"date":"2023-11-16T12:50:09","date_gmt":"2023-11-16T11:50:09","guid":{"rendered":"https:\/\/pasaenmendoza.com\/?p=3072"},"modified":"2023-11-16T12:50:12","modified_gmt":"2023-11-16T11:50:12","slug":"la-carta-de-daniel-orozco-que-puede-complicar-a-su-sucesor-en-las-heras","status":"publish","type":"post","link":"https:\/\/pasaenmendoza.com\/?p=3072","title":{"rendered":"La carta de Daniel Orozco que puede complicar a su sucesor en Las Heras"},"content":{"rendered":"\n<p>La \u00fanica lista presentada para la elecci\u00f3n del gremio UPCN est\u00e1 integrada por funcionarios de Orozco, el intendente saliente de Las Heras, enfrentado con el nuevo jefe comunal Francisco LoPresti.<\/p>\n\n\n\n<p><strong>Las Heras<\/strong>\u00a0no dejar\u00e1 de ser un epicentro\u00a0de conflictos por mucho tiempo, aparentemente. Mientras\u00a0<strong>Daniel Orozco<\/strong>, intendente durante los \u00faltimos\u00a08 a\u00f1os, debe responder junto a su esposa, la secretaria de Gobierno y diputada electa Janina Ortiz (La Uni\u00f3n Mendocina), en distintas causas judiciales, el pr\u00f3ximo jefe comunal Francisco LoPresti (Cambia Mendoza) puede encontrarse con una oposici\u00f3n imprevista cuando asuma.<\/p>\n\n\n\n<p>Es que, el pr\u00f3ximo mi\u00e9rcoles 22 de noviembre son las elecciones del gremio\u00a0<strong>UPCN\u00a0(Uni\u00f3n Personal Civil de la Naci\u00f3n)<\/strong><a rel=\"noreferrer noopener\" href=\"https:\/\/www.upcndigital.org\/\" target=\"_blank\">\u00a0<\/a>y la \u00fanica lista presentada est\u00e1 integrada por actuales funcionarios de<strong>\u00a0Orozco.<\/strong><\/p>\n\n\n\n<p>LoPresti\u00a0ya advirti\u00f3 que la cantidad de cargos que cre\u00f3 el actual jefe comunal ser\u00edan reducidos dr\u00e1sticamente. Pero, mientras tanto,\u00a0<strong>Orozco<\/strong>\u00a0ubic\u00f3 a diez de sus actuales funcionarios como candidatos a delegados del gremio, que particip\u00f3\u00a0de la \u00faltima paritaria municipal. Es decir que, de acuerdo al documento al que tuvo acceso<strong>\u00a0MDZ<\/strong>, funcionarios y empleados\u00a0<strong>lasherinos\u00a0<\/strong>podr\u00e1n tener protecci\u00f3n sindical, quedarse en el municipio y enfrentar a la nueva gesti\u00f3n desde<strong>\u00a0UPCN<\/strong>.<\/p>\n\n\n\n<p>Se trata de militantes del gremio que, curiosamente, tienen una antig\u00fcedad mayor a un mes y otros que tienen un primer aporte al sindicato\u00a0en el mes de octubre.<\/p>\n\n\n\n<p>Los funcionarios que apuntan a ser delegados sindicales -con todas las chances por lo que hay una lista \u00fanica- son Delia Carball, quien pertenece a la direcci\u00f3n de Biodiversidad; Diego Dom\u00ednguez, quien es parte de la inspecci\u00f3n general de Uspallata; Melisa Galeano (Capital Humano); Jos\u00e9 Gomez(Desarrollo Social); N\u00e9lida Gonzalez (Innovaci\u00f3n); Nicol\u00e1s Riga (Rentas); Lourdes Cort\u00e9s (Salud);\u00a0adem\u00e1s de Sergio Fern\u00e1ndez,\u00a0Romina Oviedo y Daniel Guerra.<\/p>\n\n\n\n<p>Antes de que&nbsp;<strong>Orozco&nbsp;<\/strong>fuera intendente,<strong>&nbsp;UPCN<\/strong>&nbsp;no participaba de la paritaria municipal por no tener una cantidad importante de afiliados. Con el jefe comunal comenz\u00f3 a ser parte&nbsp;debido a que hoy tiene 800 afiliados. Por lo tanto, podr\u00eda estar en la pr\u00f3xima gesti\u00f3n y, adem\u00e1s, reclamar si tiene diferencias con el intendente por alguna medida.<\/p>\n\n\n\n<p>La comuna sufre de una fuerte crisis desde que&nbsp;<strong>Orozco<\/strong>&nbsp;decidi\u00f3 dejar&nbsp;Cambia Mendoza para ser candidato a vicegobernador de Omar De Marchi por el nuevo frente, La Uni\u00f3n Mendocina. Esa alianza qued\u00f3&nbsp;en segundo lugar detr\u00e1s del frente oficialista que llev\u00f3&nbsp;la f\u00f3rmula para la gobernaci\u00f3n encabezada por Alfredo Cornejo y Hebe Casado.<\/p>\n\n\n\n<p>El departamento se convirti\u00f3 en el eje de las disputas entre los dos frentes, pero no s\u00f3lo se impuso el\u00a0oficialista Cambia Mendoza a nivel provincial sino que en el municipio gan\u00f3 LoPresti, candidato de Cornejo. En el camino, adem\u00e1s, saltaron muchas causas judiciales contra\u00a0<strong>Orozco<\/strong>\u00a0y Ortiz entre las que\u00a0se encuentran la investigaci\u00f3n por\u00a0cooperativas irregulares\u00a0y otra por encubrimiento por un supuesto abuso sexual por el que est\u00e1 en prisi\u00f3n un exfuncionario municipal.<\/p>\n\n\n\n<p>FUENTE: Mdzonline.<\/p>\n","protected":false},"excerpt":{"rendered":"<p>La \u00fanica lista presentada para la elecci\u00f3n del gremio UPCN est\u00e1 integrada por funcionarios de Orozco, el intendente saliente de Las Heras, enfrentado con el nuevo jefe comunal Francisco LoPresti. Las Heras\u00a0no dejar\u00e1 de ser un epicentro\u00a0de conflictos por mucho tiempo, aparentemente. Mientras\u00a0Daniel Orozco, intendente durante los \u00faltimos\u00a08 a\u00f1os, debe responder junto a su esposa, [&hellip;]<\/p>\n","protected":false},"author":2,"featured_media":3073,"comment_status":"open","ping_status":"open","sticky":true,"template":"","format":"standard","meta":[],"categories":[47],"tags":[],"_links":{"self":[{"href":"https:\/\/pasaenmendoza.com\/index.php?rest_route=\/wp\/v2\/posts\/3072"}],"collection":[{"href":"https:\/\/pasaenmendoza.com\/index.php?rest_route=\/wp\/v2\/posts"}],"about":[{"href":"https:\/\/pasaenmendoza.com\/index.php?rest_route=\/wp\/v2\/types\/post"}],"author":[{"embeddable":true,"href":"https:\/\/pasaenmendoza.com\/index.php?rest_route=\/wp\/v2\/users\/2"}],"replies":[{"embeddable":true,"href":"https:\/\/pasaenmendoza.com\/index.php?rest_route=%2Fwp%2Fv2%2Fcomments&post=3072"}],"version-history":[{"count":1,"href":"https:\/\/pasaenmendoza.com\/index.php?rest_route=\/wp\/v2\/posts\/3072\/revisions"}],"predecessor-version":[{"id":3074,"href":"https:\/\/pasaenmendoza.com\/index.php?rest_route=\/wp\/v2\/posts\/3072\/revisions\/3074"}],"wp:featuredmedia":[{"embeddable":true,"href":"https:\/\/pasaenmendoza.com\/index.php?rest_route=\/wp\/v2\/media\/3073"}],"wp:attachment":[{"href":"https:\/\/pasaenmendoza.com\/index.php?rest_route=%2Fwp%2Fv2%2Fmedia&parent=3072"}],"wp:term":[{"taxonomy":"category","embeddable":true,"href":"https:\/\/pasaenmendoza.com\/index.php?rest_route=%2Fwp%2Fv2%2Fcategories&post=3072"},{"taxonomy":"post_tag","embeddable":true,"href":"https:\/\/pasaenmendoza.com\/index.php?rest_route=%2Fwp%2Fv2%2Ftags&post=3072"}],"curies":[{"name":"wp","href":"https:\/\/api.w.org\/{rel}","templated":true}]}}