{"id":3075,"date":"2023-11-16T12:55:57","date_gmt":"2023-11-16T11:55:57","guid":{"rendered":"https:\/\/pasaenmendoza.com\/?p=3075"},"modified":"2023-11-16T12:55:59","modified_gmt":"2023-11-16T11:55:59","slug":"ate-y-sute-aceptaron-la-nueva-oferta-salarial-y-ampros-paralizo-los-hospitales","status":"publish","type":"post","link":"https:\/\/pasaenmendoza.com\/?p=3075","title":{"rendered":"ATE y SUTE aceptaron la nueva oferta salarial y Ampros paraliz\u00f3 los hospitales"},"content":{"rendered":"\n<p>El Ejecutivo logr\u00f3 que uno de los gremios estatales m\u00e1s importantes diera el OK al aumento salarial para el fin de a\u00f1o y el verano. Los m\u00e9dicos volvieron a rechazarlo en medio de su movilizaci\u00f3n.<\/p>\n\n\n\n<p>Con un paro de&nbsp;<strong>m\u00e9dicos<\/strong>&nbsp;ya organizado para este mi\u00e9rcoles, que incluy\u00f3 una movilizaci\u00f3n, el&nbsp;<strong>Gobierno de Mendoza<\/strong>&nbsp;madrug\u00f3 y comunic\u00f3 que hab\u00eda una nueva oferta de&nbsp;<strong>aumento salarial&nbsp;<\/strong>para los gremios estatales. La propuesta encontr\u00f3 eco en uno de los gremios que nuclea a parte del sector sanitario y a la administraci\u00f3n central,&nbsp;<strong>ATE<\/strong>. Y, por otra parte, el plenario provincial del&nbsp;<strong>SUTE<\/strong>&nbsp;tambi\u00e9n convalid\u00f3 lo ofrecido por el Ejecutivo.<\/p>\n\n\n\n<p>Esta nueva propuesta, que el Ejecutivo consider\u00f3 como \u201c<em>superadora<\/em>\u201c, tiene una m\u00ednima variaci\u00f3n:&nbsp;<mark>pasa de un incremento del 14% al 15% para los dos \u00faltimos meses de este a\u00f1o. En tanto que ya adelanta para el verano con un 5, 8% para enero, y la misma cifra tanto para febrero como para marzo.<\/mark>&nbsp;Hay que decir que las cuotas para los tres meses eran en principio del 5%.<\/p>\n\n\n\n<p>A esta secuencia de cifras le agregaron\u00a0<strong>una cl\u00e1usula de garant\u00eda<\/strong>:\u00a0<mark>si durante enero y febrero la inflaci\u00f3n acumulada es superior a 12%<\/mark>, el Gobierno de la Provincia se comprometi\u00f3 a reunirse con los representantes de los trabajadores luego de conocerse el porcentaje de inflaci\u00f3n que arroje el INDEC -no la DEIE, que suele tener n\u00fameros un poco m\u00e1s elevados- para febrero.<\/p>\n\n\n\n<p>Con esta nueva carta sobre la mesa, y el hecho de que horas antes ya se hab\u00eda aprobado en la Legislatura el Presupuesto 2024,&nbsp;<mark>ATE resolvi\u00f3 aceptarla para los agentes de los reg\u00edmenes de 15, de Salud -los no profesionales, concretamente-; el 5, de Administraci\u00f3n Central; Guardaparques y la Secretar\u00eda de Ambiente y Ordenamiento Territorial<\/mark>.&nbsp;<\/p>\n\n\n\n<p>En tanto, el SUTE tambi\u00e9n resolvi\u00f3 aceptar a trav\u00e9s de un plenario provincial la oferta de aumento en la tarde de este mi\u00e9rcoles. El sindicato de los trabajadores de la educaci\u00f3n valid\u00f3 el mandato que lleg\u00f3 desde las escuelas: s\u00f3lo dos departamentos no aceptaron, General Alvear y San Carlos.<\/p>\n\n\n\n<p>Sin embargo, quienes volvieron a rechazar la nueva oferta fue Ampros, que ya ha rechazada las \u00faltimas dos propuestas de aumento salarial. Este mi\u00e9rcoles, la asociaci\u00f3n de los profesionales de la salud cumpli\u00f3 con el\u00a0<mark>paro en el servicio de hospitales p\u00fablicos y se moviliz\u00f3 por las calles hasta Casa de Gobierno<\/mark>.<\/p>\n\n\n\n<p>De hecho, las nuevas cifras que expuso el Ejecutivo cayeron mal, porque consideraron que buscaban desactivar la medida de fuerza.<\/p>\n\n\n\n<p><\/p>\n\n\n\n<p>FUENTE: elsol.com.ar<\/p>\n","protected":false},"excerpt":{"rendered":"<p>El Ejecutivo logr\u00f3 que uno de los gremios estatales m\u00e1s importantes diera el OK al aumento salarial para el fin de a\u00f1o y el verano. Los m\u00e9dicos volvieron a rechazarlo en medio de su movilizaci\u00f3n. Con un paro de&nbsp;m\u00e9dicos&nbsp;ya organizado para este mi\u00e9rcoles, que incluy\u00f3 una movilizaci\u00f3n, el&nbsp;Gobierno de Mendoza&nbsp;madrug\u00f3 y comunic\u00f3 que hab\u00eda una [&hellip;]<\/p>\n","protected":false},"author":2,"featured_media":3076,"comment_status":"open","ping_status":"open","sticky":true,"template":"","format":"standard","meta":[],"categories":[47],"tags":[],"_links":{"self":[{"href":"https:\/\/pasaenmendoza.com\/index.php?rest_route=\/wp\/v2\/posts\/3075"}],"collection":[{"href":"https:\/\/pasaenmendoza.com\/index.php?rest_route=\/wp\/v2\/posts"}],"about":[{"href":"https:\/\/pasaenmendoza.com\/index.php?rest_route=\/wp\/v2\/types\/post"}],"author":[{"embeddable":true,"href":"https:\/\/pasaenmendoza.com\/index.php?rest_route=\/wp\/v2\/users\/2"}],"replies":[{"embeddable":true,"href":"https:\/\/pasaenmendoza.com\/index.php?rest_route=%2Fwp%2Fv2%2Fcomments&post=3075"}],"version-history":[{"count":1,"href":"https:\/\/pasaenmendoza.com\/index.php?rest_route=\/wp\/v2\/posts\/3075\/revisions"}],"predecessor-version":[{"id":3077,"href":"https:\/\/pasaenmendoza.com\/index.php?rest_route=\/wp\/v2\/posts\/3075\/revisions\/3077"}],"wp:featuredmedia":[{"embeddable":true,"href":"https:\/\/pasaenmendoza.com\/index.php?rest_route=\/wp\/v2\/media\/3076"}],"wp:attachment":[{"href":"https:\/\/pasaenmendoza.com\/index.php?rest_route=%2Fwp%2Fv2%2Fmedia&parent=3075"}],"wp:term":[{"taxonomy":"category","embeddable":true,"href":"https:\/\/pasaenmendoza.com\/index.php?rest_route=%2Fwp%2Fv2%2Fcategories&post=3075"},{"taxonomy":"post_tag","embeddable":true,"href":"https:\/\/pasaenmendoza.com\/index.php?rest_route=%2Fwp%2Fv2%2Ftags&post=3075"}],"curies":[{"name":"wp","href":"https:\/\/api.w.org\/{rel}","templated":true}]}}