{"id":3081,"date":"2023-11-16T13:07:11","date_gmt":"2023-11-16T12:07:11","guid":{"rendered":"https:\/\/pasaenmendoza.com\/?p=3081"},"modified":"2023-11-16T13:07:14","modified_gmt":"2023-11-16T12:07:14","slug":"los-radicales-eligen-al-nuevo-presidente-de-la-ucr-mendocina-a-dias-del-balotaje","status":"publish","type":"post","link":"https:\/\/pasaenmendoza.com\/?p=3081","title":{"rendered":"Los radicales eligen al nuevo presidente de la UCR mendocina a d\u00edas del balotaje"},"content":{"rendered":"\n<p>En medio de la vor\u00e1gine electoral, el radicalismo renueva autoridades frente a un tablero pol\u00edtico nacional en plena mutaci\u00f3n. Hay dos nombres en danza para reemplazar a Tadeo Garc\u00eda Zalazar<\/p>\n\n\n\n<p>La\u00a0<strong>Uni\u00f3n C\u00edvica Radical (UCR)<\/strong>\u00a0de Mendoza est\u00e1 a punto de renovar sus autoridades partidarias. Fuentes allegadas a esa fuerza confirmaron a\u00a0<strong>Diario UNO<\/strong>\u00a0que el proceso est\u00e1 abierto y que el viernes -o antes- se espera tener novedades\u00a0<strong>acerca del sucesor de Tadeo Garc\u00eda Zalazar como presidente del Comit\u00e9 Provincial<\/strong>.<\/p>\n\n\n\n<p>Los que picaron en punta para ocupar ese rol son dos figuras afines a Alfredo Cornejo: el presidente de la C\u00e1mara de Diputados provincial,\u00a0<strong>Andr\u00e9s &#8220;Peti&#8221; Lombardi<\/strong>, y la diputada nacional\u00a0<strong>Pamela Verasay<\/strong>. &#8220;Podr\u00eda ser cualquiera de los dos, porque\u00a0<strong>no hubo objeciones para ninguno<\/strong>&#8220;, asegur\u00f3 un militante con llegada a la mesa chica de los rojiblancos. &#8220;En todo caso -agreg\u00f3- se definir\u00e1 por consenso, en di\u00e1logo con legisladores e intendentes&#8221;.<\/p>\n\n\n\n<p>En las \u00faltimas jornadas hubo charlas para definir el plantel de la nueva conducci\u00f3n, ya que no s\u00f3lo se nombrar\u00e1 por los pr\u00f3ximos dos a\u00f1os a la presidencia -que ocupa hasta hoy el intendente de Godoy Cruz, Garc\u00eda Zalazar- sino que tambi\u00e9n hay que elegir\u00a0<strong>vicepresidente, secretarios, integrantes del Tribunal de \u00c9tica, de la Junta Electoral y congresales por Mendoza ante una eventual convenci\u00f3n nacional<\/strong>.<\/p>\n\n\n\n<h2 class=\"wp-block-heading\">Un abanico de dirigentes<\/h2>\n\n\n\n<p>El radicalismo provincial cuenta con una generaci\u00f3n de&nbsp;<strong>&#8220;pesos pesados&#8221;<\/strong>&nbsp;que gravitan en la vida partidaria de distintos modos. El gobernador electo&nbsp;<strong>Alfredo Cornejo<\/strong>, el actual mandatario,<strong>&nbsp;Rodolfo Suarez<\/strong>&nbsp;o el diputado nacional y exgobernador&nbsp;<strong>Julio Cobos<\/strong>&nbsp;son ejemplos de esa camada.<\/p>\n\n\n\n<p>Pero\u00a0<strong>una generaci\u00f3n m\u00e1s joven viene pidiendo pista<\/strong>. As\u00ed, se pensaba que tras la salida de Tadeo podr\u00eda ser el turno del jefe comunal de Capital,\u00a0<strong>Ulpiano Suarez<\/strong>. El &#8220;Yayo&#8221; sonaba como posible presidente de la UCR, aunque luego ese escenario se fue desdibujando. De todos modos, desde el radicalismo insistieron en que no hay tensiones.\u00a0<strong>El martes, de hecho, el referente capitalino estuvo reunido con Cornejo y la conversaci\u00f3n se dio en tono amistoso<\/strong>.<\/p>\n\n\n\n<p>Otro que podr\u00eda reclamar espacios es&nbsp;<strong>Luis Petri<\/strong>, que perdi\u00f3 las PASO frente al gobernador electo y tambi\u00e9n las presidenciales -donde iba como vice de Patricia Bullrich-; pero en el medio&nbsp;<strong>se convirti\u00f3 en una figura en ascenso<\/strong>&nbsp;y conduce un ala interna.<\/p>\n\n\n\n<p>Como sea, quienes resulten investidos\u00a0<strong>afrontar\u00e1n un panorama pol\u00edtico nacional en plena mutaci\u00f3n<\/strong>, con Juntos por el Cambio cruzado por la colaboraci\u00f3n entre el fundador del PRO, Mauricio Macri, y\u00a0<strong>Javier Milei<\/strong>, con otro sector del frente tentado a ubicarse m\u00e1s al centro y\u00a0<strong>con un gobierno nacional de otro signo con el que habr\u00e1 que empezar a conversar<\/strong>.<\/p>\n\n\n\n<p>FUENTE: diariouno.com.ar<\/p>\n","protected":false},"excerpt":{"rendered":"<p>En medio de la vor\u00e1gine electoral, el radicalismo renueva autoridades frente a un tablero pol\u00edtico nacional en plena mutaci\u00f3n. Hay dos nombres en danza para reemplazar a Tadeo Garc\u00eda Zalazar La\u00a0Uni\u00f3n C\u00edvica Radical (UCR)\u00a0de Mendoza est\u00e1 a punto de renovar sus autoridades partidarias. Fuentes allegadas a esa fuerza confirmaron a\u00a0Diario UNO\u00a0que el proceso est\u00e1 abierto [&hellip;]<\/p>\n","protected":false},"author":2,"featured_media":3082,"comment_status":"open","ping_status":"open","sticky":true,"template":"","format":"standard","meta":[],"categories":[47],"tags":[],"_links":{"self":[{"href":"https:\/\/pasaenmendoza.com\/index.php?rest_route=\/wp\/v2\/posts\/3081"}],"collection":[{"href":"https:\/\/pasaenmendoza.com\/index.php?rest_route=\/wp\/v2\/posts"}],"about":[{"href":"https:\/\/pasaenmendoza.com\/index.php?rest_route=\/wp\/v2\/types\/post"}],"author":[{"embeddable":true,"href":"https:\/\/pasaenmendoza.com\/index.php?rest_route=\/wp\/v2\/users\/2"}],"replies":[{"embeddable":true,"href":"https:\/\/pasaenmendoza.com\/index.php?rest_route=%2Fwp%2Fv2%2Fcomments&post=3081"}],"version-history":[{"count":1,"href":"https:\/\/pasaenmendoza.com\/index.php?rest_route=\/wp\/v2\/posts\/3081\/revisions"}],"predecessor-version":[{"id":3083,"href":"https:\/\/pasaenmendoza.com\/index.php?rest_route=\/wp\/v2\/posts\/3081\/revisions\/3083"}],"wp:featuredmedia":[{"embeddable":true,"href":"https:\/\/pasaenmendoza.com\/index.php?rest_route=\/wp\/v2\/media\/3082"}],"wp:attachment":[{"href":"https:\/\/pasaenmendoza.com\/index.php?rest_route=%2Fwp%2Fv2%2Fmedia&parent=3081"}],"wp:term":[{"taxonomy":"category","embeddable":true,"href":"https:\/\/pasaenmendoza.com\/index.php?rest_route=%2Fwp%2Fv2%2Fcategories&post=3081"},{"taxonomy":"post_tag","embeddable":true,"href":"https:\/\/pasaenmendoza.com\/index.php?rest_route=%2Fwp%2Fv2%2Ftags&post=3081"}],"curies":[{"name":"wp","href":"https:\/\/api.w.org\/{rel}","templated":true}]}}