{"id":3084,"date":"2023-11-16T13:49:15","date_gmt":"2023-11-16T12:49:15","guid":{"rendered":"https:\/\/pasaenmendoza.com\/?p=3084"},"modified":"2023-11-16T13:49:16","modified_gmt":"2023-11-16T12:49:16","slug":"los-medicamentos-aumentaron-dos-veces-en-lo-que-va-de-noviembre","status":"publish","type":"post","link":"https:\/\/pasaenmendoza.com\/?p=3084","title":{"rendered":"Los medicamentos aumentaron dos veces en lo que va de noviembre"},"content":{"rendered":"\n<p>Los<strong>\u00a0medicamentos\u00a0aumentaron en noviembre dos veces<\/strong>, en algunos casos el 12% y en otros el 15%. Este jueves el\u00a0<strong>gobierno pact\u00f3 una reuni\u00f3n con laboratorios<\/strong>\u00a0nacionales, extranjeros y cooperativas en busca de una soluci\u00f3n.<\/p>\n\n\n\n<p>El descongelamiento de precios se vio reflejado en diversos \u00e1mbitos, y los f\u00e1rmacos no quedaron exentos. El&nbsp;<strong>acuerdo que se firm\u00f3 el pasado 19 de agosto&nbsp;<\/strong>entre el gobierno y la industria farmac\u00e9utica<strong>&nbsp;finaliz\u00f3 el 31 de octubre<\/strong>&nbsp;y el 1 de noviembre algunos laboratorios remarcaron sus precios.<\/p>\n\n\n\n<p>El 14 de noviembre\u00a0<strong>surgi\u00f3 un nuevo aumento<\/strong>\u00a0que tampoco estaba acordado desde la industria. Por esta raz\u00f3n, la Secretar\u00eda de Comercio y el Ministerio de Salud convocaron de urgencia una reuni\u00f3n con CILFA (laboratorios nacionales), Caeme (extranjeros) y Cooperala (cooperativas).<\/p>\n\n\n\n<h2 class=\"wp-block-heading\">El impacto a nivel provincial<\/h2>\n\n\n\n<p>Paralelamente a la crisis con las prepagas y obras sociales, se suma un incremento en el precio de los medicamentos. La situaci\u00f3n en Mendoza es la misma que en el resto del pa\u00eds, y desde el Colegio Farmac\u00e9utico sostienen que est\u00e1n esperando informaci\u00f3n oficial.<\/p>\n\n\n\n<p><strong>En Mendoza no hay faltantes importantes de medicamentos<\/strong><\/p>\n\n\n\n<p>Por otra parte, en la provincia &#8220;<strong>no hay faltantes importantes de medicamentos<\/strong>\u00a0y en el caso de que haya un faltante puntual se puede sustituir por productos de otro laboratorio&#8221;, confirm\u00f3 el presidente de la entidad,\u00a0<strong>Mario Alberto Valestra<\/strong>.<\/p>\n\n\n\n<p><strong>Fuente: www.diariouno.com.ar<\/strong><\/p>\n","protected":false},"excerpt":{"rendered":"<p>Los\u00a0medicamentos\u00a0aumentaron en noviembre dos veces, en algunos casos el 12% y en otros el 15%. Este jueves el\u00a0gobierno pact\u00f3 una reuni\u00f3n con laboratorios\u00a0nacionales, extranjeros y cooperativas en busca de una soluci\u00f3n. El descongelamiento de precios se vio reflejado en diversos \u00e1mbitos, y los f\u00e1rmacos no quedaron exentos. El&nbsp;acuerdo que se firm\u00f3 el pasado 19 de [&hellip;]<\/p>\n","protected":false},"author":2,"featured_media":3086,"comment_status":"open","ping_status":"open","sticky":false,"template":"","format":"standard","meta":[],"categories":[58],"tags":[],"_links":{"self":[{"href":"https:\/\/pasaenmendoza.com\/index.php?rest_route=\/wp\/v2\/posts\/3084"}],"collection":[{"href":"https:\/\/pasaenmendoza.com\/index.php?rest_route=\/wp\/v2\/posts"}],"about":[{"href":"https:\/\/pasaenmendoza.com\/index.php?rest_route=\/wp\/v2\/types\/post"}],"author":[{"embeddable":true,"href":"https:\/\/pasaenmendoza.com\/index.php?rest_route=\/wp\/v2\/users\/2"}],"replies":[{"embeddable":true,"href":"https:\/\/pasaenmendoza.com\/index.php?rest_route=%2Fwp%2Fv2%2Fcomments&post=3084"}],"version-history":[{"count":1,"href":"https:\/\/pasaenmendoza.com\/index.php?rest_route=\/wp\/v2\/posts\/3084\/revisions"}],"predecessor-version":[{"id":3087,"href":"https:\/\/pasaenmendoza.com\/index.php?rest_route=\/wp\/v2\/posts\/3084\/revisions\/3087"}],"wp:featuredmedia":[{"embeddable":true,"href":"https:\/\/pasaenmendoza.com\/index.php?rest_route=\/wp\/v2\/media\/3086"}],"wp:attachment":[{"href":"https:\/\/pasaenmendoza.com\/index.php?rest_route=%2Fwp%2Fv2%2Fmedia&parent=3084"}],"wp:term":[{"taxonomy":"category","embeddable":true,"href":"https:\/\/pasaenmendoza.com\/index.php?rest_route=%2Fwp%2Fv2%2Fcategories&post=3084"},{"taxonomy":"post_tag","embeddable":true,"href":"https:\/\/pasaenmendoza.com\/index.php?rest_route=%2Fwp%2Fv2%2Ftags&post=3084"}],"curies":[{"name":"wp","href":"https:\/\/api.w.org\/{rel}","templated":true}]}}