{"id":3096,"date":"2023-11-16T14:23:04","date_gmt":"2023-11-16T13:23:04","guid":{"rendered":"https:\/\/pasaenmendoza.com\/?p=3096"},"modified":"2023-11-16T14:23:05","modified_gmt":"2023-11-16T13:23:05","slug":"la-tradicional-costumbre-estudiantil-que-cortara-las-calles-de-mendoza","status":"publish","type":"post","link":"https:\/\/pasaenmendoza.com\/?p=3096","title":{"rendered":"La tradicional costumbre estudiantil que cortar\u00e1 las calles de Mendoza"},"content":{"rendered":"\n<p>El alumnado del\u00a0Departamento de Aplicaci\u00f3n Docente\u00a0(<strong>DAD<\/strong>) tiene una costumbre extracurricular que repiten a\u00f1o tras a\u00f1o y ya es parte de la agenda de los j\u00f3venes.\u00a0<\/p>\n\n\n\n<p>La actividad, que no es acompa\u00f1ada ni coordinada por las autoridades del colegio, recibi\u00f3 el nombre de \u201c<em>la bajada<\/em>\u201d.&nbsp;<\/p>\n\n\n\n<p>Consiste en congregarse luego de clases en la puerta de la instituci\u00f3n y caminar, cantar, divertirse y disfrutar hasta llegar a la\u00a0<strong>plaza Independencia\u00a0<\/strong>en grupo. Para ello, se le solicit\u00f3 a quienes participen que lleven una remera intervenida de la forma que quieran.<\/p>\n\n\n\n<p>Generalmente \u201cla bajada&#8221; se realiza un d\u00eda viernes pero, en esta oportunidad, se realizar\u00e1 un jueves ya que ma\u00f1ana se enfrentan Independiente Rivadavia y River Plate en el estadio Malvinas Argentinas en un amistoso.<\/p>\n\n\n\n<p>Al tratarse de dos turnos lectivos, se espera que el primer descenso de alumnado se realice alrededor de las 13 y el segundo alrededor de las 18.45 y las\u00a0calles\u00a0afectadas ser\u00e1 la Emilio Civit, Sarmiento y todas sus calles perpendiculares.<\/p>\n\n\n\n<h4 class=\"wp-block-heading\">Recomendaciones del CEDAD<\/h4>\n\n\n\n<p>M\u00e1s all\u00e1 que no cuenta con el apoyo de los directivos, el\u00a0Centro de Estudiantes\u00a0acompa\u00f1a el evento y recomend\u00f3 tener las siguientes precauciones para que el evento se realice sin complicaciones.<\/p>\n\n\n\n<ul>\n<li>Lleva mucha agua para mantenerse hidratado.<\/li>\n\n\n\n<li>Calzado deportivo.<\/li>\n\n\n\n<li>Ingresa al colegio con uniforme pero lleva un short para estar m\u00e1s c\u00f3modo y fresco.<\/li>\n\n\n\n<li>No lleves el celu en la mano porque se te puede caer y romper.<\/li>\n\n\n\n<li>Cuando corras ten\u00e9s que estar atento&nbsp;para no chocarte con nadie.<\/li>\n\n\n\n<li>Cualquier cosa que necesites podes pedirle ayuda a los chicos de 5to.<\/li>\n<\/ul>\n\n\n\n<p><strong>Fuente: www.diariomendoza.com.ar<\/strong><\/p>\n","protected":false},"excerpt":{"rendered":"<p>El alumnado del\u00a0Departamento de Aplicaci\u00f3n Docente\u00a0(DAD) tiene una costumbre extracurricular que repiten a\u00f1o tras a\u00f1o y ya es parte de la agenda de los j\u00f3venes.\u00a0 La actividad, que no es acompa\u00f1ada ni coordinada por las autoridades del colegio, recibi\u00f3 el nombre de \u201cla bajada\u201d.&nbsp; Consiste en congregarse luego de clases en la puerta de la [&hellip;]<\/p>\n","protected":false},"author":2,"featured_media":3097,"comment_status":"open","ping_status":"open","sticky":false,"template":"","format":"standard","meta":[],"categories":[50],"tags":[],"_links":{"self":[{"href":"https:\/\/pasaenmendoza.com\/index.php?rest_route=\/wp\/v2\/posts\/3096"}],"collection":[{"href":"https:\/\/pasaenmendoza.com\/index.php?rest_route=\/wp\/v2\/posts"}],"about":[{"href":"https:\/\/pasaenmendoza.com\/index.php?rest_route=\/wp\/v2\/types\/post"}],"author":[{"embeddable":true,"href":"https:\/\/pasaenmendoza.com\/index.php?rest_route=\/wp\/v2\/users\/2"}],"replies":[{"embeddable":true,"href":"https:\/\/pasaenmendoza.com\/index.php?rest_route=%2Fwp%2Fv2%2Fcomments&post=3096"}],"version-history":[{"count":1,"href":"https:\/\/pasaenmendoza.com\/index.php?rest_route=\/wp\/v2\/posts\/3096\/revisions"}],"predecessor-version":[{"id":3098,"href":"https:\/\/pasaenmendoza.com\/index.php?rest_route=\/wp\/v2\/posts\/3096\/revisions\/3098"}],"wp:featuredmedia":[{"embeddable":true,"href":"https:\/\/pasaenmendoza.com\/index.php?rest_route=\/wp\/v2\/media\/3097"}],"wp:attachment":[{"href":"https:\/\/pasaenmendoza.com\/index.php?rest_route=%2Fwp%2Fv2%2Fmedia&parent=3096"}],"wp:term":[{"taxonomy":"category","embeddable":true,"href":"https:\/\/pasaenmendoza.com\/index.php?rest_route=%2Fwp%2Fv2%2Fcategories&post=3096"},{"taxonomy":"post_tag","embeddable":true,"href":"https:\/\/pasaenmendoza.com\/index.php?rest_route=%2Fwp%2Fv2%2Ftags&post=3096"}],"curies":[{"name":"wp","href":"https:\/\/api.w.org\/{rel}","templated":true}]}}