{"id":3107,"date":"2023-11-16T14:44:28","date_gmt":"2023-11-16T13:44:28","guid":{"rendered":"https:\/\/pasaenmendoza.com\/?p=3107"},"modified":"2023-11-16T14:44:29","modified_gmt":"2023-11-16T13:44:29","slug":"dos-choques-en-cadena-generaron-caos-vehicular-en-los-accesos-al-gran-mendoza","status":"publish","type":"post","link":"https:\/\/pasaenmendoza.com\/?p=3107","title":{"rendered":"Dos choques en cadena generaron caos vehicular en los accesos al Gran Mendoza"},"content":{"rendered":"\n<p>El&nbsp;<strong>Gran Mendoza<\/strong>&nbsp;tuvo una<strong>&nbsp;ma\u00f1ana agitada&nbsp;<\/strong>en el \u00edtem<strong>&nbsp;&#8220;los choques nuestros de cada d\u00eda&#8221;<\/strong>. Este jueves a primera hora se registraron diferentes accidentes viales en los principales accesos a la capital provincial.<\/p>\n\n\n\n<p>El primero tuvo lugar en el<strong>\u00a0Acceso Este\u00a0<\/strong>apenas algunos minutos antes de las 9 de la ma\u00f1ana. El incidente se registr\u00f3\u00a0<strong>mano al oeste, pasando la calle Tirasso<\/strong>\u00a0y justo a la altura del cuartel de Bomberos que se ubica a la vera del asfalto. En el mismo se vieron involucrados\u00a0<strong>cinco veh\u00edculos<\/strong>\u00a0(inclu\u00eddo una camioneta), de los cuales uno termin\u00f3 en el cantero central a punto de volcar. En el lugar se gener\u00f3 un inc\u00f3modo caos vehicular.<\/p>\n\n\n\n<p>El otro fue casi en simult\u00e1neo, pero en el<strong>\u00a0Acceso Sur.\u00a0<\/strong>Tambi\u00e9n fue un\u00a0<strong>choque en cadena<\/strong>\u00a0y sucedi\u00f3<strong>\u00a0mano al Norte pasando la bajada de la calle Ar\u00e1oz.\u00a0<\/strong>En ese caso, el accidente solo involucr\u00f3 a<strong>\u00a0dos veh\u00edculos<\/strong>\u00a0y gener\u00f3 algunas demoras en ambas manos, principalmente por los curiosos que disminu\u00edan la velocidad para observar el escenario.<\/p>\n\n\n\n<p><strong>Fuente: www.mendozapost.com<\/strong><\/p>\n","protected":false},"excerpt":{"rendered":"<p>El&nbsp;Gran Mendoza&nbsp;tuvo una&nbsp;ma\u00f1ana agitada&nbsp;en el \u00edtem&nbsp;&#8220;los choques nuestros de cada d\u00eda&#8221;. Este jueves a primera hora se registraron diferentes accidentes viales en los principales accesos a la capital provincial. El primero tuvo lugar en el\u00a0Acceso Este\u00a0apenas algunos minutos antes de las 9 de la ma\u00f1ana. El incidente se registr\u00f3\u00a0mano al oeste, pasando la calle Tirasso\u00a0y [&hellip;]<\/p>\n","protected":false},"author":2,"featured_media":3108,"comment_status":"open","ping_status":"open","sticky":false,"template":"","format":"standard","meta":[],"categories":[48],"tags":[],"_links":{"self":[{"href":"https:\/\/pasaenmendoza.com\/index.php?rest_route=\/wp\/v2\/posts\/3107"}],"collection":[{"href":"https:\/\/pasaenmendoza.com\/index.php?rest_route=\/wp\/v2\/posts"}],"about":[{"href":"https:\/\/pasaenmendoza.com\/index.php?rest_route=\/wp\/v2\/types\/post"}],"author":[{"embeddable":true,"href":"https:\/\/pasaenmendoza.com\/index.php?rest_route=\/wp\/v2\/users\/2"}],"replies":[{"embeddable":true,"href":"https:\/\/pasaenmendoza.com\/index.php?rest_route=%2Fwp%2Fv2%2Fcomments&post=3107"}],"version-history":[{"count":1,"href":"https:\/\/pasaenmendoza.com\/index.php?rest_route=\/wp\/v2\/posts\/3107\/revisions"}],"predecessor-version":[{"id":3109,"href":"https:\/\/pasaenmendoza.com\/index.php?rest_route=\/wp\/v2\/posts\/3107\/revisions\/3109"}],"wp:featuredmedia":[{"embeddable":true,"href":"https:\/\/pasaenmendoza.com\/index.php?rest_route=\/wp\/v2\/media\/3108"}],"wp:attachment":[{"href":"https:\/\/pasaenmendoza.com\/index.php?rest_route=%2Fwp%2Fv2%2Fmedia&parent=3107"}],"wp:term":[{"taxonomy":"category","embeddable":true,"href":"https:\/\/pasaenmendoza.com\/index.php?rest_route=%2Fwp%2Fv2%2Fcategories&post=3107"},{"taxonomy":"post_tag","embeddable":true,"href":"https:\/\/pasaenmendoza.com\/index.php?rest_route=%2Fwp%2Fv2%2Ftags&post=3107"}],"curies":[{"name":"wp","href":"https:\/\/api.w.org\/{rel}","templated":true}]}}