{"id":3110,"date":"2023-11-16T14:51:53","date_gmt":"2023-11-16T13:51:53","guid":{"rendered":"https:\/\/pasaenmendoza.com\/?p=3110"},"modified":"2023-11-16T14:52:27","modified_gmt":"2023-11-16T13:52:27","slug":"fue-violada-en-dorrego-y-teme-que-el-abusador-vuelva-para-matarla","status":"publish","type":"post","link":"https:\/\/pasaenmendoza.com\/?p=3110","title":{"rendered":"Fue violada en Dorrego y teme que el abusador &#8220;vuelva para matarla&#8221;"},"content":{"rendered":"\n<p>&nbsp;El 2 de mayo de 2016 la vida de&nbsp;<strong>Brisa Correnti&nbsp;<\/strong>cambi\u00f3 por completo. En ese momento ten\u00eda 14 a\u00f1os, iba al colegio y era una adolescente feliz que estaba de novia y ten\u00eda muchos proyectos. Sin embargo, ese d\u00eda fue atacada por&nbsp;<strong>David Fabi\u00e1n Guillot Godoy<\/strong>, un hombre que la viol\u00f3 en un descampado en calle Las Ca\u00f1as de Dorrego. Desde ese momento lleva adelante una lucha constante por superar el pasado y ser feliz.&nbsp;<\/p>\n\n\n\n<p>A lo largo de estos siete a\u00f1os atraves\u00f3 un sinf\u00edn de momentos dolorosos, consecuencias del tormento que vivi\u00f3. Pero la vida le dio una oportunidad, fue mam\u00e1 y en su beb\u00e9 encontr\u00f3 la fuerza para salir adelante. Sin embargo, recibi\u00f3 una noticia que la embarg\u00f3 de miedo una vez m\u00e1s. Su abusador, que fue condenado en 2017, tiene posibilidades de salir en libertad y tiene miedo que la busque y cumpla la amenaza que formul\u00f3 el d\u00eda que la viol\u00f3: matarla.<\/p>\n\n\n\n<p>Ese 2 de mayo Brisa ven\u00eda de la clase de Educaci\u00f3n F\u00edsica, se baj\u00f3 de un colectivo en esa zona de Dorrego y fue abordada desde atr\u00e1s por el abusador qui\u00e9n, aprovechando su fuerza f\u00edsica, la arroj\u00f3 a una zanja. El hombre estaba armado. Brisa se golpe\u00f3 la cabeza y el cuerpo en la ca\u00edda.&nbsp;<strong>David Fabi\u00e1n Guillot Godoy&nbsp;<\/strong>le sac\u00f3 los lentes, le rompi\u00f3 el celular y la viol\u00f3 all\u00ed mismo mientras la amenazaba con matarla si dec\u00eda algo.<\/p>\n\n\n\n<p>&#8220;Estos a\u00f1os han sido muy dif\u00edciles ya que cuando sucedi\u00f3 lo del ataque yo reci\u00e9n ten\u00eda 14 a\u00f1os, pas\u00e9 una adolescencia muy dif\u00edcil. Estuve con psic\u00f3loga y psiquiatra mucho tiempo, tomaba muchas pastillas y no sal\u00eda a ning\u00fan lado, me cambio mucho la vida, hasta mi entusiasmo por la escuela, por que me costaba mucho estudiar, nunca mas pude concentrarme. A los 17 dej\u00e9 el colegio por que empezaron a aparecer los ataques de p\u00e1nico, con los cuales no pod\u00eda estar en ning\u00fan lado por que eran muy fuertes&#8221;, cont\u00f3 Brisa al Post.<\/p>\n\n\n\n<p>Y agreg\u00f3: &#8220;Dej\u00e9 la medicaci\u00f3n psiqui\u00e1trica por decisi\u00f3n propia por que dorm\u00eda todo el d\u00eda, tomaba muchas pastillas y no podia retomar ni siquiera el deporte que hac\u00eda. En estos 7 a\u00f1os pas\u00e9 muchas altas y bajas, logr\u00e9 volver a ser feliz y a enamorarme de la vida el d\u00eda que naci\u00f3 mi beb\u00e9 y ahora le veo sentido volver a luchar y no bajar los brazos. Antes de eso no ve\u00eda sentido seguir viviendo, fue muy dif\u00edcil de sobrellevar. Mi \u00fanico acompa\u00f1amiento fue mi familia, ellos estuvieron siempre ah\u00ed&#8221;.<\/p>\n\n\n\n<p>El giro se produjo el jueves 9 de noviembre cuando le avisaron a Brisa que deb\u00eda presentarse&nbsp; a una audiencia porque le iban a otorgar la libertad condicional y desde ese momento volvi\u00f3 el miedo y la angustia. En caso de que el violador salga en libertad, ella puede pedir una pulsera dual que se la colocan a \u00e9l y a ella le dan un dispositivo que la alerta si el sujeto est\u00e1 cerca. Pero esta medida no es suficiente para ella.<\/p>\n\n\n\n<p>&#8220;Hace unos meses atr\u00e1s tuve 3 audiencias por que \u00e9l pidi\u00f3 salidas transitorias. Las primeras dos no se la otorgaron y a la tercera s\u00ed. Incluso lo tuve frente a frente y se empez\u00f3 a re\u00edr en mi cara, en forma de burla&#8221;.<\/p>\n\n\n\n<p>Brisa dijo tambi\u00e9n que en las audiencias de salidas transitorias manifest\u00f3 que&nbsp;Guillot Godoy se hab\u00eda burlado, pero que &#8220;no le dieron bolilla&#8221;. Tambi\u00e9n expres\u00f3 que el sujeto, a lo largo de lo a\u00f1os, intent\u00f3 ponerse en contacto con la familia de la v\u00edctima e incluso le envi\u00f3 una solicitud de amistad a su abuela. &#8220;Sabe todas mis redes sociales&#8221;, expres\u00f3 la joven que sufri\u00f3 una agresi\u00f3n que marc\u00f3 para siempre su vida y ahora teme volver a estar en peligro otra vez.&nbsp;<\/p>\n\n\n\n<p><strong>Fuente: www.mendozapost.com<\/strong><\/p>\n","protected":false},"excerpt":{"rendered":"<p>&nbsp;El 2 de mayo de 2016 la vida de&nbsp;Brisa Correnti&nbsp;cambi\u00f3 por completo. En ese momento ten\u00eda 14 a\u00f1os, iba al colegio y era una adolescente feliz que estaba de novia y ten\u00eda muchos proyectos. Sin embargo, ese d\u00eda fue atacada por&nbsp;David Fabi\u00e1n Guillot Godoy, un hombre que la viol\u00f3 en un descampado en calle Las [&hellip;]<\/p>\n","protected":false},"author":2,"featured_media":3111,"comment_status":"open","ping_status":"open","sticky":false,"template":"","format":"standard","meta":[],"categories":[48],"tags":[],"_links":{"self":[{"href":"https:\/\/pasaenmendoza.com\/index.php?rest_route=\/wp\/v2\/posts\/3110"}],"collection":[{"href":"https:\/\/pasaenmendoza.com\/index.php?rest_route=\/wp\/v2\/posts"}],"about":[{"href":"https:\/\/pasaenmendoza.com\/index.php?rest_route=\/wp\/v2\/types\/post"}],"author":[{"embeddable":true,"href":"https:\/\/pasaenmendoza.com\/index.php?rest_route=\/wp\/v2\/users\/2"}],"replies":[{"embeddable":true,"href":"https:\/\/pasaenmendoza.com\/index.php?rest_route=%2Fwp%2Fv2%2Fcomments&post=3110"}],"version-history":[{"count":2,"href":"https:\/\/pasaenmendoza.com\/index.php?rest_route=\/wp\/v2\/posts\/3110\/revisions"}],"predecessor-version":[{"id":3113,"href":"https:\/\/pasaenmendoza.com\/index.php?rest_route=\/wp\/v2\/posts\/3110\/revisions\/3113"}],"wp:featuredmedia":[{"embeddable":true,"href":"https:\/\/pasaenmendoza.com\/index.php?rest_route=\/wp\/v2\/media\/3111"}],"wp:attachment":[{"href":"https:\/\/pasaenmendoza.com\/index.php?rest_route=%2Fwp%2Fv2%2Fmedia&parent=3110"}],"wp:term":[{"taxonomy":"category","embeddable":true,"href":"https:\/\/pasaenmendoza.com\/index.php?rest_route=%2Fwp%2Fv2%2Fcategories&post=3110"},{"taxonomy":"post_tag","embeddable":true,"href":"https:\/\/pasaenmendoza.com\/index.php?rest_route=%2Fwp%2Fv2%2Ftags&post=3110"}],"curies":[{"name":"wp","href":"https:\/\/api.w.org\/{rel}","templated":true}]}}