{"id":3114,"date":"2023-11-17T13:14:02","date_gmt":"2023-11-17T12:14:02","guid":{"rendered":"https:\/\/pasaenmendoza.com\/?p=3114"},"modified":"2023-11-17T13:14:02","modified_gmt":"2023-11-17T12:14:02","slug":"defensa-civil-preparo-un-gran-operativo-ante-el-zonda-severo-que-se-extenderia-hasta-el-sabado","status":"publish","type":"post","link":"https:\/\/pasaenmendoza.com\/?p=3114","title":{"rendered":"Defensa Civil prepar\u00f3 un gran operativo ante el Zonda severo que se extender\u00eda hasta el s\u00e1bado"},"content":{"rendered":"\n<p>El<strong>\u00a0Gobierno de Mendoza<\/strong>\u00a0realiz\u00f3 un trabajo de coordinaci\u00f3n para estar preparado ante el<strong>\u00a0viento Zonda,\u00a0pronosticado para este viernes<\/strong>\u00a0y que podr\u00eda presentar similares caracter\u00edsticas al \u00faltimo fen\u00f3meno, que aviv\u00f3 focos de incendio en el piedemonte, la ca\u00edda de cientos de forestales y da\u00f1os en propiedades.<strong>\u00a0El fen\u00f3meno se extender\u00eda hasta el s\u00e1bado a la ma\u00f1ana.<\/strong><\/p>\n\n\n\n<p>Ayer por la tarde, Defensa Civil emiti\u00f3\u00a0<strong>alerta roja por las caracter\u00edsticas del Zonda en el \u00e1rea metropolitana, el Sur, Valle de Uco, el Norte y Rivadavia.<\/strong><\/p>\n\n\n\n<p>El secretario de Ambiente y Ordenamiento Territorial,&nbsp;<strong>Humberto Mingorance<\/strong>, anticip\u00f3 a Nihuil que se est\u00e1n realizando<strong>&nbsp;gestiones con Edemsa y con el Ente Provincial Regulador de la Electricidad (EPRE) para realizar cortes temporarios de energ\u00eda&nbsp;<\/strong>y minimizar el riesgo de que ante una falla el\u00e9ctrica se produzca un incendio.<\/p>\n\n\n\n<p>&#8220;En el incendio anterior que ocurri\u00f3 en El Challao, el siniestro se desat\u00f3 por un problema en una conexi\u00f3n de electricidad formal. Las fuertes r\u00e1fagas provocaron el corte de cables y las chispas causaron el fuego. Entonces, m\u00e1s all\u00e1 de la prevenci\u00f3n civil, estamos trabajando para que no vayan turistas a Potrerillos y ya lo hemos hablado con la Municipalidad de Luj\u00e1n&#8221;, dijo el funcionario, aunque aclar\u00f3 que a\u00fan no hay certeza de que se vayan a producir cortes de energ\u00eda.<\/p>\n\n\n\n<p>Mingorance recalc\u00f3 que lo que<strong>&nbsp;esperan es minimizar al m\u00e1ximo el riesgo de incendios con la interrupci\u00f3n de la energ\u00eda en las zonas puntuales, donde correr\u00e1 m\u00e1s fuerte el viento.<\/strong><\/p>\n\n\n\n<h2 class=\"wp-block-heading\"><strong>Por el viento Zonda, la Provincia ya pidi\u00f3 un avi\u00f3n hidrante<\/strong><\/h2>\n\n\n\n<p>El director de Defensa Civil, Daniel Burrieza, admiti\u00f3 en declaraciones a Canal 7 que &#8220;<strong>este viernes ser\u00e1 un d\u00eda complicado por donde se lo mire&#8221;<\/strong>&nbsp;y recalc\u00f3 que est\u00e1n difundiendo este alerta naranja para evitar que haya una gran llegada de chilenos, sobre todo a los puntos m\u00e1s riesgosos como Potrerillos.<\/p>\n\n\n\n<p>Tambi\u00e9n cont\u00f3 que est\u00e1n en comunicaci\u00f3n con bomberos de toda la provincia para que todo el personal est\u00e9 listo ante cualquier emergencia. En este caso, &#8220;los municipios juegan un papel fundamental ante la ca\u00edda de \u00e1broles o problemas en el alumbrado p\u00fablico&#8221;, sum\u00f3.<\/p>\n\n\n\n<p>&#8220;<strong>Se est\u00e1 hablando de un viento Z2, de Z3, de altas velocidades otra vez.<\/strong>\u00a0El de fines de octubre se sinti\u00f3 en algunos lugares m\u00e1s y en otros menos. Por eso tenemos que ser cautos y tambi\u00e9n con los turistas que vienen a la provincia y no conocen la problem\u00e1tica que tenemos. Por eso, apelamos a los operadores tur\u00edsticos que informen a los visitantes&#8221;, alert\u00f3.<\/p>\n\n\n\n<p>El funcionario detall\u00f3 que todos los modelos meteorol\u00f3gicos coinciden en que el Zonda<strong>&nbsp;comenzar\u00e1 a sentir despu\u00e9s de la medionoche o en la madrugada del viernes en la zona Sur,<\/strong>&nbsp;al margen de que ya se siente desde hace varios d\u00edas la situaci\u00f3n de viento del Oeste con efecto Zonda. &#8220;Es de larga duraci\u00f3n porque arranca este viernes y&nbsp;<strong>va a estar terminando en horas de la ma\u00f1ana del s\u00e1bado&#8221;<\/strong>, apunt\u00f3.<\/p>\n\n\n\n<p>Los informes indican que&nbsp;<strong>su presencia se incrementar\u00e1 de manera gradual y a partir de las 7 u 8 se sentir\u00e1 con mayor fuerza.&nbsp;<\/strong>La franja se extiende de Sur a Norte, desde Neuqu\u00e9n a San Juan, afectando gran parte de los departamentos de la provincia.<\/p>\n\n\n\n<p>Frente a este panorama,<strong>\u00a0la Provincia ya solicit\u00f3 un avi\u00f3n hidrante a la Naci\u00f3n\u00a0<\/strong>que estar\u00eda llegando en el transcurso de esta jornada.<\/p>\n\n\n\n<p><strong>Fuente: www.diariouno.com.ar<\/strong><\/p>\n","protected":false},"excerpt":{"rendered":"<p>El\u00a0Gobierno de Mendoza\u00a0realiz\u00f3 un trabajo de coordinaci\u00f3n para estar preparado ante el\u00a0viento Zonda,\u00a0pronosticado para este viernes\u00a0y que podr\u00eda presentar similares caracter\u00edsticas al \u00faltimo fen\u00f3meno, que aviv\u00f3 focos de incendio en el piedemonte, la ca\u00edda de cientos de forestales y da\u00f1os en propiedades.\u00a0El fen\u00f3meno se extender\u00eda hasta el s\u00e1bado a la ma\u00f1ana. Ayer por la tarde, [&hellip;]<\/p>\n","protected":false},"author":2,"featured_media":3117,"comment_status":"open","ping_status":"open","sticky":false,"template":"","format":"standard","meta":[],"categories":[46],"tags":[],"_links":{"self":[{"href":"https:\/\/pasaenmendoza.com\/index.php?rest_route=\/wp\/v2\/posts\/3114"}],"collection":[{"href":"https:\/\/pasaenmendoza.com\/index.php?rest_route=\/wp\/v2\/posts"}],"about":[{"href":"https:\/\/pasaenmendoza.com\/index.php?rest_route=\/wp\/v2\/types\/post"}],"author":[{"embeddable":true,"href":"https:\/\/pasaenmendoza.com\/index.php?rest_route=\/wp\/v2\/users\/2"}],"replies":[{"embeddable":true,"href":"https:\/\/pasaenmendoza.com\/index.php?rest_route=%2Fwp%2Fv2%2Fcomments&post=3114"}],"version-history":[{"count":1,"href":"https:\/\/pasaenmendoza.com\/index.php?rest_route=\/wp\/v2\/posts\/3114\/revisions"}],"predecessor-version":[{"id":3118,"href":"https:\/\/pasaenmendoza.com\/index.php?rest_route=\/wp\/v2\/posts\/3114\/revisions\/3118"}],"wp:featuredmedia":[{"embeddable":true,"href":"https:\/\/pasaenmendoza.com\/index.php?rest_route=\/wp\/v2\/media\/3117"}],"wp:attachment":[{"href":"https:\/\/pasaenmendoza.com\/index.php?rest_route=%2Fwp%2Fv2%2Fmedia&parent=3114"}],"wp:term":[{"taxonomy":"category","embeddable":true,"href":"https:\/\/pasaenmendoza.com\/index.php?rest_route=%2Fwp%2Fv2%2Fcategories&post=3114"},{"taxonomy":"post_tag","embeddable":true,"href":"https:\/\/pasaenmendoza.com\/index.php?rest_route=%2Fwp%2Fv2%2Ftags&post=3114"}],"curies":[{"name":"wp","href":"https:\/\/api.w.org\/{rel}","templated":true}]}}