{"id":3116,"date":"2023-11-17T13:19:07","date_gmt":"2023-11-17T12:19:07","guid":{"rendered":"https:\/\/pasaenmendoza.com\/?p=3116"},"modified":"2023-11-17T13:19:09","modified_gmt":"2023-11-17T12:19:09","slug":"los-motivos-por-los-que-lujan-de-cuyo-se-enfrentara-contra-el-gobierno-provincial-tras-el-presupuesto-2024","status":"publish","type":"post","link":"https:\/\/pasaenmendoza.com\/?p=3116","title":{"rendered":"Los motivos por los que Luj\u00e1n de Cuyo se enfrentar\u00e1 contra el Gobierno provincial tras el Presupuesto 2024"},"content":{"rendered":"\n<p>Esteban Allasino, intendente electo de Luj\u00e1n de Cuyo, entiende el departamento va a recibir un perjuicio superior a los 2.800 millones de pesos anuales.<\/p>\n\n\n\n<p>Alfredo Cornejo logr\u00f3 que se aprobara el\u00a0<strong>presupuesto 2024<\/strong>\u00a0y empieza su gesti\u00f3n con esa tranquilidad. Sin embargo, no todos est\u00e1n felices con lo que se consigui\u00f3 esta semana tras un acuerdo entre el oficialismo y el PJ.<\/p>\n\n\n\n<p>Algunos intendentes decidieron acompa\u00f1ar la pauta de gastos con el endeudamiento para la extensi\u00f3n del Metrotranv\u00eda, pero se quit\u00f3 del\u00a0<strong>presupuesto\u00a0<\/strong>un art\u00edculo que hablaba de la actualizaci\u00f3n de la coparticipaci\u00f3n municipal de acuerdo a los datos del \u00faltimo censo, para modificar c\u00f3mo se estaba repartiendo la plata a los municipios.<\/p>\n\n\n\n<p>Al eliminarse esto, el intendente electo de\u00a0<strong>Luj\u00e1n de Cuyo<\/strong>,\u00a0<strong>Esteban Allasino<\/strong>, entiende que se ha perjudicado al departamento que va a conducir. Por eso anunci\u00f3 que inici\u00f3 acciones legales en defensa del patrimonio de los vecinos de\u00a0<strong>Luj\u00e1n<\/strong>, entendiendo que van a recibir un perjuicio superior a los 2.800 millones de pesos anuales.<\/p>\n\n\n\n<p>\u201cCreemos que el presupuesto aprobado en la Legislatura perjudica de manera evidente a los vecinos de\u00a0<strong>Luj\u00e1n<\/strong>. La evidencia es que nuevamente nos vemos privados de la finalizaci\u00f3n de las obras del hospital que fue prometido en campa\u00f1a. Est\u00e1 muy mal privar a un departamento que ha crecido mucho en poblaci\u00f3n de un acceso a la salud de manera f\u00e1cil\u201d, se\u00f1al\u00f3\u00a0<strong>Allasino<\/strong>.<\/p>\n\n\n\n<p>\u201cLa segunda evidencia es que el ministro Fayad, con el cual yo me reun\u00ed hace unas semanas, hab\u00eda elevado una propuesta de coparticipaci\u00f3n de la recaudaci\u00f3n impositiva a la que accede Mendoza tomando como v\u00e1lidos los datos del censo que se realiz\u00f3 en el 2022, que recordemos deber\u00eda haberse realizado en el a\u00f1o 2020.&nbsp;<strong>Luj\u00e1n&nbsp;<\/strong>ha crecido, se ha expandido\u201d, detall\u00f3.<\/p>\n\n\n\n<p>Y explic\u00f3: \u201cEsperamos que se aprobara el presupuesto para hacer p\u00fablica nuestra postura. El presupuesto no reconoce en los fondos coparticipables el crecimiento poblacional y hemos iniciado un proceso para iniciar dos acciones legales\u201d.<\/p>\n\n\n\n<p>\u201cLa primera, pedir que se reconozcan los terrenos y la poblaci\u00f3n anexada con dos sentencias firmes que tiene la Suprema Corte de Mendoza. La segunda acci\u00f3n es un amparo para prevenir da\u00f1os futuros y sentar bases de que nosotros, no s\u00f3lo vamos a reclamar lo que es evidente nos corresponde, sino que vamos a dejar abierta la situaci\u00f3n para que sea retroactiva\u201d, indic\u00f3&nbsp;<strong>Allasino&nbsp;<\/strong>en&nbsp;<em>Sonr\u00eda lo Estamos Filmando.<\/em><\/p>\n\n\n\n<p>\u201cDesconozco que pas\u00f3 entre el cuarto intermedio y la sanci\u00f3n final de la ley, porque borraron el art\u00edculo 58 generando un perjuicio a los vecinos de\u00a0<strong>Luj\u00e1n<\/strong>, que van a tener 2800 millones de pesos, son m\u00e1s de 50 plazas, mil cuadras de pavimento, la posibilidad de resolver situaciones de acceso al agua y la cloaca\u201d, insisti\u00f3 y asegur\u00f3. \u201cCon buena voluntad, esta discusi\u00f3n no existir\u00eda\u201d.<\/p>\n\n\n\n<p>FUENTE: Mdzonline.<\/p>\n","protected":false},"excerpt":{"rendered":"<p>Esteban Allasino, intendente electo de Luj\u00e1n de Cuyo, entiende el departamento va a recibir un perjuicio superior a los 2.800 millones de pesos anuales. Alfredo Cornejo logr\u00f3 que se aprobara el\u00a0presupuesto 2024\u00a0y empieza su gesti\u00f3n con esa tranquilidad. Sin embargo, no todos est\u00e1n felices con lo que se consigui\u00f3 esta semana tras un acuerdo entre [&hellip;]<\/p>\n","protected":false},"author":2,"featured_media":3120,"comment_status":"open","ping_status":"open","sticky":true,"template":"","format":"standard","meta":[],"categories":[47],"tags":[],"_links":{"self":[{"href":"https:\/\/pasaenmendoza.com\/index.php?rest_route=\/wp\/v2\/posts\/3116"}],"collection":[{"href":"https:\/\/pasaenmendoza.com\/index.php?rest_route=\/wp\/v2\/posts"}],"about":[{"href":"https:\/\/pasaenmendoza.com\/index.php?rest_route=\/wp\/v2\/types\/post"}],"author":[{"embeddable":true,"href":"https:\/\/pasaenmendoza.com\/index.php?rest_route=\/wp\/v2\/users\/2"}],"replies":[{"embeddable":true,"href":"https:\/\/pasaenmendoza.com\/index.php?rest_route=%2Fwp%2Fv2%2Fcomments&post=3116"}],"version-history":[{"count":1,"href":"https:\/\/pasaenmendoza.com\/index.php?rest_route=\/wp\/v2\/posts\/3116\/revisions"}],"predecessor-version":[{"id":3121,"href":"https:\/\/pasaenmendoza.com\/index.php?rest_route=\/wp\/v2\/posts\/3116\/revisions\/3121"}],"wp:featuredmedia":[{"embeddable":true,"href":"https:\/\/pasaenmendoza.com\/index.php?rest_route=\/wp\/v2\/media\/3120"}],"wp:attachment":[{"href":"https:\/\/pasaenmendoza.com\/index.php?rest_route=%2Fwp%2Fv2%2Fmedia&parent=3116"}],"wp:term":[{"taxonomy":"category","embeddable":true,"href":"https:\/\/pasaenmendoza.com\/index.php?rest_route=%2Fwp%2Fv2%2Fcategories&post=3116"},{"taxonomy":"post_tag","embeddable":true,"href":"https:\/\/pasaenmendoza.com\/index.php?rest_route=%2Fwp%2Fv2%2Ftags&post=3116"}],"curies":[{"name":"wp","href":"https:\/\/api.w.org\/{rel}","templated":true}]}}