{"id":3119,"date":"2023-11-17T13:25:48","date_gmt":"2023-11-17T12:25:48","guid":{"rendered":"https:\/\/pasaenmendoza.com\/?p=3119"},"modified":"2023-11-17T13:25:49","modified_gmt":"2023-11-17T12:25:49","slug":"anunciaron-que-el-viernes-cierra-el-paso-internacional-cristo-redentor","status":"publish","type":"post","link":"https:\/\/pasaenmendoza.com\/?p=3119","title":{"rendered":"Anunciaron que el viernes cierra el Paso Internacional Cristo Redentor"},"content":{"rendered":"\n<p>Las autoridades de Argentina y Chile decidieron cerrar el\u00a0<strong>Paso Internacional Cristo Redentor<\/strong>\u00a0a partir de este\u00a0<strong>viernes 17 de noviembre de las 8 de la ma\u00f1ana<\/strong>, a ra\u00edz de pron\u00f3sticos meteorol\u00f3gicos que prev\u00e9n\u00a0<strong>posibles condiciones adversas para circular\u00a0<\/strong>en alta monta\u00f1a.<\/p>\n\n\n\n<p>En consecuencia,&nbsp;<strong>a partir de las 6 de la tarde se bajar\u00e1n las barreras en Uspallata del lado argentino y en Guardia Vieja en Chile<\/strong>.<\/p>\n\n\n\n<p>La noticia se conoci\u00f3 alrededor de las 14.30 de este jueves; y -seg\u00fan se anunci\u00f3-<strong>\u00a0el cierre se extender\u00e1 hasta las 8 del s\u00e1bado<\/strong>.<\/p>\n\n\n\n<p>Este es el<strong>\u00a0comunicado oficial\u00a0<\/strong>emitido por el Ministerio del Interior:<\/p>\n\n\n\n<figure class=\"wp-block-image size-full\"><img decoding=\"async\" loading=\"lazy\" width=\"780\" height=\"916\" src=\"https:\/\/pasaenmendoza.com\/wp-content\/uploads\/2023\/11\/image.png\" alt=\"\" class=\"wp-image-3126\" srcset=\"https:\/\/pasaenmendoza.com\/wp-content\/uploads\/2023\/11\/image.png 780w, https:\/\/pasaenmendoza.com\/wp-content\/uploads\/2023\/11\/image-255x300.png 255w, https:\/\/pasaenmendoza.com\/wp-content\/uploads\/2023\/11\/image-768x902.png 768w, https:\/\/pasaenmendoza.com\/wp-content\/uploads\/2023\/11\/image-150x176.png 150w, https:\/\/pasaenmendoza.com\/wp-content\/uploads\/2023\/11\/image-300x352.png 300w, https:\/\/pasaenmendoza.com\/wp-content\/uploads\/2023\/11\/image-696x817.png 696w\" sizes=\"(max-width: 780px) 100vw, 780px\" \/><\/figure>\n\n\n\n<p><strong>Fuente: www.diariouno.com.ar<\/strong><\/p>\n","protected":false},"excerpt":{"rendered":"<p>Las autoridades de Argentina y Chile decidieron cerrar el\u00a0Paso Internacional Cristo Redentor\u00a0a partir de este\u00a0viernes 17 de noviembre de las 8 de la ma\u00f1ana, a ra\u00edz de pron\u00f3sticos meteorol\u00f3gicos que prev\u00e9n\u00a0posibles condiciones adversas para circular\u00a0en alta monta\u00f1a. En consecuencia,&nbsp;a partir de las 6 de la tarde se bajar\u00e1n las barreras en Uspallata del lado argentino [&hellip;]<\/p>\n","protected":false},"author":2,"featured_media":3127,"comment_status":"open","ping_status":"open","sticky":false,"template":"","format":"standard","meta":[],"categories":[66],"tags":[],"_links":{"self":[{"href":"https:\/\/pasaenmendoza.com\/index.php?rest_route=\/wp\/v2\/posts\/3119"}],"collection":[{"href":"https:\/\/pasaenmendoza.com\/index.php?rest_route=\/wp\/v2\/posts"}],"about":[{"href":"https:\/\/pasaenmendoza.com\/index.php?rest_route=\/wp\/v2\/types\/post"}],"author":[{"embeddable":true,"href":"https:\/\/pasaenmendoza.com\/index.php?rest_route=\/wp\/v2\/users\/2"}],"replies":[{"embeddable":true,"href":"https:\/\/pasaenmendoza.com\/index.php?rest_route=%2Fwp%2Fv2%2Fcomments&post=3119"}],"version-history":[{"count":1,"href":"https:\/\/pasaenmendoza.com\/index.php?rest_route=\/wp\/v2\/posts\/3119\/revisions"}],"predecessor-version":[{"id":3128,"href":"https:\/\/pasaenmendoza.com\/index.php?rest_route=\/wp\/v2\/posts\/3119\/revisions\/3128"}],"wp:featuredmedia":[{"embeddable":true,"href":"https:\/\/pasaenmendoza.com\/index.php?rest_route=\/wp\/v2\/media\/3127"}],"wp:attachment":[{"href":"https:\/\/pasaenmendoza.com\/index.php?rest_route=%2Fwp%2Fv2%2Fmedia&parent=3119"}],"wp:term":[{"taxonomy":"category","embeddable":true,"href":"https:\/\/pasaenmendoza.com\/index.php?rest_route=%2Fwp%2Fv2%2Fcategories&post=3119"},{"taxonomy":"post_tag","embeddable":true,"href":"https:\/\/pasaenmendoza.com\/index.php?rest_route=%2Fwp%2Fv2%2Ftags&post=3119"}],"curies":[{"name":"wp","href":"https:\/\/api.w.org\/{rel}","templated":true}]}}