{"id":3122,"date":"2023-11-17T13:22:42","date_gmt":"2023-11-17T12:22:42","guid":{"rendered":"https:\/\/pasaenmendoza.com\/?p=3122"},"modified":"2023-11-17T13:22:43","modified_gmt":"2023-11-17T12:22:43","slug":"pintadas-y-campana-del-miedo-la-pericia-hecha-en-las-redes-sociales","status":"publish","type":"post","link":"https:\/\/pasaenmendoza.com\/?p=3122","title":{"rendered":"Pintadas y campa\u00f1a del miedo: la pericia hecha en las redes sociales"},"content":{"rendered":"\n<p>Se\u00f1alaron que existen muchas similitudes en algunas letras con el ataque que sufri\u00f3 la sede del Partido Dem\u00f3crata y aseguran que es el mismo responsable.<\/p>\n\n\n\n<p>La sede de la&nbsp;<strong>Facultad de Ciencias Pol\u00edticas y Sociales<\/strong>&nbsp;de la&nbsp;<strong>Universidad Nacional de Cuyo<\/strong>&nbsp;amaneci\u00f3 este jueves con agresivas&nbsp;<strong>pintadas<\/strong>, enmarcadas en medio de la campa\u00f1a sucia entre La Libertad Avanza y Uni\u00f3n por la Patria.<\/p>\n\n\n\n<p>\u201c<em>No ense\u00f1an, adoctrinan<\/em>\u201c; \u201c<em>Milei 2023<\/em>\u201c; \u201c<em>Zurdos de mierda<\/em>\u201c; \u201c<em>Se les termina la joda, ro\u00f1osos<\/em>\u201c; \u201c<em>Dejen de quemarle la cabeza a los pibes, HDP<\/em>\u201c, fueron algunas de las frases grafiteadas, las cuales provocaron un amplio rechazo en el \u00e1mbito universitario.<\/p>\n\n\n\n<p><\/p>\n\n\n\n<p>Esto ocurri\u00f3 apenas una semana despu\u00e9s de que la sede del Partido Dem\u00f3crata sufriera unas pintadas similares, pero en esa ocasi\u00f3n, se atacaba a Javier Milei y al frente libertario.<\/p>\n\n\n\n<p>Algunos usuarios en las redes sociales analizaron ambos grafitis y<mark>&nbsp;encontraron similitudes en la escritura de ambos actos vand\u00e1licos y se\u00f1alaron que el autor de los ataques podr\u00eda ser la misma persona.<\/mark><\/p>\n\n\n\n<p>La publicaci\u00f3n se viraliz\u00f3 r\u00e1pidamente en las redes sociales, y agita el fantasma, de un lado y del otro, de que se trate autoataques de peronistas o de libertarios, con el objetivo de \u201c<em>dejar mal parado<\/em>\u201d al espacio rival.<\/p>\n\n\n\n<p>Estas pintadas no han sido las \u00fanicas muestras de campa\u00f1a sucia que han existido en la provincia en los \u00faltimos d\u00edas. De hecho, este jueves aparecieron carteles en contra de Javier Milei agitando el miedo ante una eventual presidencia del libertario por la quita de subsidios.<\/p>\n\n\n\n<p>\u201c<em>Con Milei, el pasaje de colectivo cuesta 1.100 pesos. (Pasaje sin subsidios). No votes contra tu bolsillo\u201d<\/em>, indica el afiche de color morado y blanco.<\/p>\n\n\n\n<p>FUENTE: elsol.com.ar <\/p>\n","protected":false},"excerpt":{"rendered":"<p>Se\u00f1alaron que existen muchas similitudes en algunas letras con el ataque que sufri\u00f3 la sede del Partido Dem\u00f3crata y aseguran que es el mismo responsable. La sede de la&nbsp;Facultad de Ciencias Pol\u00edticas y Sociales&nbsp;de la&nbsp;Universidad Nacional de Cuyo&nbsp;amaneci\u00f3 este jueves con agresivas&nbsp;pintadas, enmarcadas en medio de la campa\u00f1a sucia entre La Libertad Avanza y Uni\u00f3n [&hellip;]<\/p>\n","protected":false},"author":2,"featured_media":3123,"comment_status":"open","ping_status":"open","sticky":true,"template":"","format":"standard","meta":[],"categories":[47],"tags":[],"_links":{"self":[{"href":"https:\/\/pasaenmendoza.com\/index.php?rest_route=\/wp\/v2\/posts\/3122"}],"collection":[{"href":"https:\/\/pasaenmendoza.com\/index.php?rest_route=\/wp\/v2\/posts"}],"about":[{"href":"https:\/\/pasaenmendoza.com\/index.php?rest_route=\/wp\/v2\/types\/post"}],"author":[{"embeddable":true,"href":"https:\/\/pasaenmendoza.com\/index.php?rest_route=\/wp\/v2\/users\/2"}],"replies":[{"embeddable":true,"href":"https:\/\/pasaenmendoza.com\/index.php?rest_route=%2Fwp%2Fv2%2Fcomments&post=3122"}],"version-history":[{"count":1,"href":"https:\/\/pasaenmendoza.com\/index.php?rest_route=\/wp\/v2\/posts\/3122\/revisions"}],"predecessor-version":[{"id":3124,"href":"https:\/\/pasaenmendoza.com\/index.php?rest_route=\/wp\/v2\/posts\/3122\/revisions\/3124"}],"wp:featuredmedia":[{"embeddable":true,"href":"https:\/\/pasaenmendoza.com\/index.php?rest_route=\/wp\/v2\/media\/3123"}],"wp:attachment":[{"href":"https:\/\/pasaenmendoza.com\/index.php?rest_route=%2Fwp%2Fv2%2Fmedia&parent=3122"}],"wp:term":[{"taxonomy":"category","embeddable":true,"href":"https:\/\/pasaenmendoza.com\/index.php?rest_route=%2Fwp%2Fv2%2Fcategories&post=3122"},{"taxonomy":"post_tag","embeddable":true,"href":"https:\/\/pasaenmendoza.com\/index.php?rest_route=%2Fwp%2Fv2%2Ftags&post=3122"}],"curies":[{"name":"wp","href":"https:\/\/api.w.org\/{rel}","templated":true}]}}