{"id":3125,"date":"2023-11-17T13:26:40","date_gmt":"2023-11-17T12:26:40","guid":{"rendered":"https:\/\/pasaenmendoza.com\/?p=3125"},"modified":"2023-11-17T13:37:50","modified_gmt":"2023-11-17T12:37:50","slug":"comenzo-a-regir-la-veda-electoral-y-termino-la-campana","status":"publish","type":"post","link":"https:\/\/pasaenmendoza.com\/?p=3125","title":{"rendered":"Comenz\u00f3 a regir la veda electoral y termin\u00f3 la campa\u00f1a"},"content":{"rendered":"\n<p>El\u00a0<strong>cierre de las campa\u00f1as electorales de los candidatos presidenciales de este\u00a0balotaje,<\/strong>\u00a0Sergio Massa, representante de Uni\u00f3n por la Patria, y\u00a0Javier Milei, l\u00edder de La Libertad Avanza, marc\u00f3 el\u00a0<strong>inicio de la veda electoral<\/strong>, este per\u00edodo de 48 horas previas a la jornada electoral que<strong>\u00a0comenz\u00f3 a las 8.00<\/strong>\u00a0de este viernes,<strong>\u00a0regula estrictamente las actividades pol\u00edticas y sociales en el pa\u00eds.<\/strong><\/p>\n\n\n\n<p>La veda, consagrada por el<strong>&nbsp;C\u00f3digo Electoral<\/strong>, impone una serie de restricciones para&nbsp;<strong>asegurar la equidad y transparencia<\/strong>&nbsp;del proceso electoral. Durante este lapso, queda prohibido llevar a cabo actos p\u00fablicos de campa\u00f1a, realizar&nbsp;<strong>cualquier forma de proselitismo<\/strong>, as\u00ed como la publicaci\u00f3n y difusi\u00f3n de encuestas y sondeos preelectorales, tal como estipula la legislaci\u00f3n vigente.<\/p>\n\n\n\n<p>El&nbsp;<strong>art\u00edculo 71 del C\u00f3digo Electoral<\/strong>&nbsp;establece la veda desde 48 horas antes de la apertura de los comicios y su&nbsp;<strong>culminaci\u00f3n 3 horas posteriores al cierre de las elecciones.&nbsp;<\/strong>Durante este per\u00edodo, se proh\u00edbe terminantemente la publicaci\u00f3n y difusi\u00f3n de encuestas y proyecciones referentes al resultado de los comicios.<\/p>\n\n\n\n<p>Aquellas personas o entidades que violen estas disposiciones se enfrentan a posibles&nbsp;<strong>denuncias o sanciones<\/strong>, siempre y cuando se verifique la transgresi\u00f3n al C\u00f3digo Electoral. Entre las actividades prohibidas durante la veda se encuentran los actos de campa\u00f1a realizados por los candidatos presidenciales.<\/p>\n\n\n\n<p>Adem\u00e1s, se&nbsp;<strong>restringe la venta de bebidas alcoh\u00f3licas<\/strong>&nbsp;a partir de las 20 horas del s\u00e1bado y hasta las 21 horas del domingo, abarcando el per\u00edodo de las elecciones.<\/p>\n\n\n\n<p>El art\u00edculo 140 prev\u00e9&nbsp;<strong>penas de hasta 2 a\u00f1os de c\u00e1rcel<\/strong>&nbsp;para aquellos que induzcan a otro a sufragar de manera enga\u00f1osa o intenten violar el secreto del voto. Los ciudadanos que no respeten los l\u00edmites de emisi\u00f3n y publicaci\u00f3n de avisos publicitarios en medios de comunicaci\u00f3n podr\u00e1n ser&nbsp;<strong>multados con montos que oscilan entre $10 mil y $100 mil.<\/strong><\/p>\n\n\n\n<p>Los candidatos que incumplan la veda electoral podr\u00edan perder el derecho a recibir contribuciones, subsidios y recursos de financiamiento p\u00fablico por per\u00edodos que van desde uno hasta cuatro a\u00f1os, as\u00ed como la&nbsp;<strong>financiaci\u00f3n para una o dos elecciones,<\/strong>&nbsp;seg\u00fan lo establece la normativa electoral.<\/p>\n\n\n\n<p>FUENTE: Mendozapost.<\/p>\n","protected":false},"excerpt":{"rendered":"<p>El\u00a0cierre de las campa\u00f1as electorales de los candidatos presidenciales de este\u00a0balotaje,\u00a0Sergio Massa, representante de Uni\u00f3n por la Patria, y\u00a0Javier Milei, l\u00edder de La Libertad Avanza, marc\u00f3 el\u00a0inicio de la veda electoral, este per\u00edodo de 48 horas previas a la jornada electoral que\u00a0comenz\u00f3 a las 8.00\u00a0de este viernes,\u00a0regula estrictamente las actividades pol\u00edticas y sociales en el [&hellip;]<\/p>\n","protected":false},"author":2,"featured_media":3079,"comment_status":"open","ping_status":"open","sticky":true,"template":"","format":"standard","meta":[],"categories":[47],"tags":[],"_links":{"self":[{"href":"https:\/\/pasaenmendoza.com\/index.php?rest_route=\/wp\/v2\/posts\/3125"}],"collection":[{"href":"https:\/\/pasaenmendoza.com\/index.php?rest_route=\/wp\/v2\/posts"}],"about":[{"href":"https:\/\/pasaenmendoza.com\/index.php?rest_route=\/wp\/v2\/types\/post"}],"author":[{"embeddable":true,"href":"https:\/\/pasaenmendoza.com\/index.php?rest_route=\/wp\/v2\/users\/2"}],"replies":[{"embeddable":true,"href":"https:\/\/pasaenmendoza.com\/index.php?rest_route=%2Fwp%2Fv2%2Fcomments&post=3125"}],"version-history":[{"count":2,"href":"https:\/\/pasaenmendoza.com\/index.php?rest_route=\/wp\/v2\/posts\/3125\/revisions"}],"predecessor-version":[{"id":3136,"href":"https:\/\/pasaenmendoza.com\/index.php?rest_route=\/wp\/v2\/posts\/3125\/revisions\/3136"}],"wp:featuredmedia":[{"embeddable":true,"href":"https:\/\/pasaenmendoza.com\/index.php?rest_route=\/wp\/v2\/media\/3079"}],"wp:attachment":[{"href":"https:\/\/pasaenmendoza.com\/index.php?rest_route=%2Fwp%2Fv2%2Fmedia&parent=3125"}],"wp:term":[{"taxonomy":"category","embeddable":true,"href":"https:\/\/pasaenmendoza.com\/index.php?rest_route=%2Fwp%2Fv2%2Fcategories&post=3125"},{"taxonomy":"post_tag","embeddable":true,"href":"https:\/\/pasaenmendoza.com\/index.php?rest_route=%2Fwp%2Fv2%2Ftags&post=3125"}],"curies":[{"name":"wp","href":"https:\/\/api.w.org\/{rel}","templated":true}]}}