{"id":3138,"date":"2023-11-17T14:57:08","date_gmt":"2023-11-17T13:57:08","guid":{"rendered":"https:\/\/pasaenmendoza.com\/?p=3138"},"modified":"2023-11-17T14:57:09","modified_gmt":"2023-11-17T13:57:09","slug":"como-y-cuando-se-gesto-la-presencia-de-patricia-bullrich-en-el-cierre-de-campana-de-javier-milei-en-cordoba","status":"publish","type":"post","link":"https:\/\/pasaenmendoza.com\/?p=3138","title":{"rendered":"C\u00f3mo y cu\u00e1ndo se gest\u00f3 la presencia de Patricia Bullrich en el cierre de campa\u00f1a de Javier Milei en C\u00f3rdoba"},"content":{"rendered":"\n<p><strong>Patricia Bullrich<\/strong>\u00a0fue la oradora sorpresa del cierre de campa\u00f1a de<strong>\u00a0Javier Milei<\/strong><a rel=\"noreferrer noopener\" href=\"https:\/\/twitter.com\/JMilei?ref_src=twsrc%5Egoogle%7Ctwcamp%5Eserp%7Ctwgr%5Eauthor\" target=\"_blank\">,<\/a>\u00a0el libertario que busca ganar el balotaje electoral y quien invit\u00f3 un d\u00eda antes a la presidenta del PRO, que pas\u00f3 de darle soporte electoral y \u201capoyo\u201d a hacer pr\u00e1cticamente una alianza con el le\u00f3n.<\/p>\n\n\n\n<p>\u201cPara el cambio profundo que tiene que hacer la Argentina he decidido, junto a muchos dirigentes y ciudadanos, decirle a<strong>\u00a0Javier<\/strong>: \u2018Es tu turno, te toca ser la opci\u00f3n de cambio y para eso te acompa\u00f1amos\u2019\u201d, expres\u00f3\u00a0<strong>Bullrich<\/strong>\u00a0para finalizar el discurso que dio en un escenario rodeado de seguidores libertarios que exclamaban \u201cMassa, basura, vos sos la dictadura\u201d.<\/p>\n\n\n\n<p>La presencia de\u00a0<strong>Bullrich\u00a0<\/strong>en C\u00f3rdoba se gest\u00f3 un d\u00eda antes del cierre masivo, con la invitaci\u00f3n de\u00a0<strong>Milei<\/strong>\u00a0que ella no dud\u00f3 en aceptar. Como era \u201csorpresa\u201d, los \u00fanicos que lo sab\u00edan por el lado de\u00a0<strong>Milei<\/strong>\u00a0eran su hermana Karina y Santiago Caputo, su asesor. El entorno de\u00a0<strong>Bullrich<\/strong>\u00a0que se enter\u00f3 de la noticia tambi\u00e9n era peque\u00f1o, solo tres dirigentes de suma confianza para la exministra de Seguridad sab\u00edan: Cristian Ritondo, Dami\u00e1n Arabia y Dereck Hampton.<\/p>\n\n\n\n<p>En un principio comenz\u00f3 simplemente con estar all\u00ed para lograr que el kirchnerismo de Sergio Massa no logre quedarse con la presidencia de la Argentina, pero luego, con el pasar de los d\u00edas, se empezarona a ver publicaciones en las redes de&nbsp;<strong>Bullrich<\/strong>&nbsp;con mensajes en contra de Massa y a favor de&nbsp;<strong>Milei,<\/strong>&nbsp;por ejemplo.&nbsp;<\/p>\n\n\n\n<p>Hay hechos clave que marcaron el camino para que ayer&nbsp;<strong>Bullrich<\/strong>&nbsp;aparezca subida en el escenario, junto a&nbsp;<strong>Milei<\/strong>&nbsp;y a otros dirigentes de La Libertad Avanza, abrazados y arengando.&nbsp;<\/p>\n\n\n\n<p>El primero fue, sin dudas, el encuentro televisivo en el programa A Dos Voces tras la decisi\u00f3n de<strong>\u00a0Bullrich<\/strong>\u00a0de bancar a<strong>\u00a0Milei\u00a0<\/strong>de cara al balotaje. All\u00ed se dio el saludo\u00a0que nadie se imaginaba, entre dos exenemigos que se unieron para ir contra Massa, el candidato-ministro de la Naci\u00f3n.\u00a0<\/p>\n\n\n\n<p>Otro ejemplo es la recorrida de campa\u00f1a que hicieron\u00a0<strong>Bullrich<\/strong>\u00a0y\u00a0<strong>Victoria Villarruel<\/strong>\u00a0a una semana del balotaje y que fue otro gui\u00f1o m\u00e1s para la presidenta del PRO, que por primera vez se mostr\u00f3 junto a la compa\u00f1era de f\u00f3rmula de\u00a0<strong>Milei.\u00a0<\/strong><\/p>\n\n\n\n<p>A pesar de los rumores de que a\u00a0<strong>Villarruel<\/strong>\u00a0no le hab\u00eda gustado el acuerdo entre\u00a0<strong>Milei\u00a0<\/strong>y<strong>\u00a0Bullrich<\/strong>, los hechos mostraban que poco a poco ambas referentes comenzaron a tener una buena sinton\u00eda de cara a la segunda vuelta electoral. Antes de la recorrida, para luego hacer spots de campa\u00f1a,<strong>\u00a0Bullrich<\/strong>\u00a0felicit\u00f3 a la candidata a vicepresidenta cuando fue el debate de vicepresidentes en TN. \u201cClara y contundente. Muy bien\u00a0<strong>Victoria Villarruel<\/strong>\u00a0desnudando al kirchnerismo y sus 20 a\u00f1os de mentiras\u201d, escribi\u00f3 Bullrich v\u00eda X.\u00a0<\/p>\n\n\n\n<p>El tema de fiscalizaci\u00f3n tambi\u00e9n afianz\u00f3 la relaci\u00f3n entre LLA y&nbsp;<strong>Bullrich.<\/strong>&nbsp;Desde el PRO afirmaron estar preparados para brindar el apoyo y control a la campa\u00f1a a trav\u00e9s de sus fiscales. Es as\u00ed como en varios lugares, los fiscales que antes cuidaban las boletas de Juntos por el Cambio hoy ya trabajan para controlar las moradas, que muestran la f\u00f3rmula&nbsp;<strong>Milei &#8211; Villarruel.&nbsp;<\/strong><\/p>\n\n\n\n<p>Detr\u00e1s de todo esto, existe un Macri que desde antes de los comicios generales ya ten\u00eda buena relaci\u00f3n con un&nbsp;<strong>Milei&nbsp;<\/strong>que lo quer\u00eda en su gobierno. Desde ese momento ahora, Juntos por el Cambio se fractur\u00f3, Massa consigui\u00f3 la unidad del peronismo y&nbsp;<strong>Milei&nbsp;<\/strong>busca, ahora con refuerzos, ir contra \u201cla casta\u201d y ganar la oportunidad de estar sentado en el Sill\u00f3n de Rivadavia.<\/p>\n\n\n\n<p><strong>Fuente: www.mdzol.com<\/strong><\/p>\n","protected":false},"excerpt":{"rendered":"<p>Patricia Bullrich\u00a0fue la oradora sorpresa del cierre de campa\u00f1a de\u00a0Javier Milei,\u00a0el libertario que busca ganar el balotaje electoral y quien invit\u00f3 un d\u00eda antes a la presidenta del PRO, que pas\u00f3 de darle soporte electoral y \u201capoyo\u201d a hacer pr\u00e1cticamente una alianza con el le\u00f3n. \u201cPara el cambio profundo que tiene que hacer la Argentina [&hellip;]<\/p>\n","protected":false},"author":2,"featured_media":3139,"comment_status":"open","ping_status":"open","sticky":false,"template":"","format":"standard","meta":[],"categories":[47],"tags":[],"_links":{"self":[{"href":"https:\/\/pasaenmendoza.com\/index.php?rest_route=\/wp\/v2\/posts\/3138"}],"collection":[{"href":"https:\/\/pasaenmendoza.com\/index.php?rest_route=\/wp\/v2\/posts"}],"about":[{"href":"https:\/\/pasaenmendoza.com\/index.php?rest_route=\/wp\/v2\/types\/post"}],"author":[{"embeddable":true,"href":"https:\/\/pasaenmendoza.com\/index.php?rest_route=\/wp\/v2\/users\/2"}],"replies":[{"embeddable":true,"href":"https:\/\/pasaenmendoza.com\/index.php?rest_route=%2Fwp%2Fv2%2Fcomments&post=3138"}],"version-history":[{"count":1,"href":"https:\/\/pasaenmendoza.com\/index.php?rest_route=\/wp\/v2\/posts\/3138\/revisions"}],"predecessor-version":[{"id":3140,"href":"https:\/\/pasaenmendoza.com\/index.php?rest_route=\/wp\/v2\/posts\/3138\/revisions\/3140"}],"wp:featuredmedia":[{"embeddable":true,"href":"https:\/\/pasaenmendoza.com\/index.php?rest_route=\/wp\/v2\/media\/3139"}],"wp:attachment":[{"href":"https:\/\/pasaenmendoza.com\/index.php?rest_route=%2Fwp%2Fv2%2Fmedia&parent=3138"}],"wp:term":[{"taxonomy":"category","embeddable":true,"href":"https:\/\/pasaenmendoza.com\/index.php?rest_route=%2Fwp%2Fv2%2Fcategories&post=3138"},{"taxonomy":"post_tag","embeddable":true,"href":"https:\/\/pasaenmendoza.com\/index.php?rest_route=%2Fwp%2Fv2%2Ftags&post=3138"}],"curies":[{"name":"wp","href":"https:\/\/api.w.org\/{rel}","templated":true}]}}