{"id":3142,"date":"2023-11-17T15:34:22","date_gmt":"2023-11-17T14:34:22","guid":{"rendered":"https:\/\/pasaenmendoza.com\/?p=3142"},"modified":"2023-11-17T15:34:22","modified_gmt":"2023-11-17T14:34:22","slug":"alerta-roja-por-zonda-severo-en-mendoza","status":"publish","type":"post","link":"https:\/\/pasaenmendoza.com\/?p=3142","title":{"rendered":"Alerta roja por Zonda severo en Mendoza"},"content":{"rendered":"\n<p>Las advertencias por el&nbsp;<strong>Zonda&nbsp;<\/strong>severo que espera&nbsp;<strong>Mendoza&nbsp;<\/strong>este viernes fueron en aumento desde la tarde del jueves, cuando el Servicio Meteorol\u00f3gico Nacional (SMN) subi\u00f3 de naranja a roja el alerta por el viento caliente.<\/p>\n\n\n\n<p>Antes de las 7 de la ma\u00f1ana, el SMN renov\u00f3 su sistema de alerta temprana y advirti\u00f3 que casi todo el territorio provincial se encuentra pintado de rojo por la llegada del Zonda desde horas de la ma\u00f1ana.<\/p>\n\n\n\n<p><strong>El detalle por departamento<\/strong><\/p>\n\n\n\n<p>El viento caliente se comenz\u00f3 a sentir en&nbsp;<strong>Malarg\u00fce&nbsp;<\/strong>desde las primeras horas de la&nbsp;<strong>ma\u00f1ana&nbsp;<\/strong>con r\u00e1fagas de 90 km\/h, al igual que General Alvear y la zona baja de San Rafael.<\/p>\n\n\n\n<p>En la precordillera de Las Heras y Luj\u00e1n de Cuyo desde la&nbsp;<strong>ma\u00f1ana&nbsp;<\/strong>rige una alerta amarilla, que por la tarde se agravar\u00e1, ya que advierten que pasar\u00e1 a roja. Lo mismo ocurre con Jun\u00edn, Rivadavia, Valles de Luj\u00e1n de Cuyo, Valles de San Carlos, Valles de Tunuy\u00e1n y Valles de Tupungato.<\/p>\n\n\n\n<p>Se espera que baje al llano \u201ca partir del\u00a0<strong>mediod\u00eda\u00a0<\/strong>en Valle de Uco, oasis norte \u2013 este y oasis sur con r\u00e1fagas de 60 a 80 km\/h.\u201d.<\/p>\n\n\n\n<p>En el &nbsp;Este de Las Heras, La Paz, Lavalle, San Mart\u00edn y Santa Rosa el alerta se mantiene en color amarillo durante toda la jornada.<\/p>\n\n\n\n<p><em>\u201cEl \u00e1rea ser\u00e1 afectada por viento Zonda, con velocidades entre 40 y 50 km\/h, y r\u00e1fagas de hasta 70 km\/h, pudiendo ser superados en forma local. Este fen\u00f3meno puede provocar reducci\u00f3n de la visibilidad, un repentino aumento de temperaturas y condiciones de muy baja humedad relativa\u201d<\/em>, indicaron.<\/p>\n\n\n\n<p>En tanto, para Gran Mendoza (Capital, Godoy Cruz, Guaymall\u00e9n y Maip\u00fa) se espera el zonda reci\u00e9n por la tarde con una alerta naranja, que a la noche pasar\u00e1 a amarillo.<\/p>\n\n\n\n<p><em>\u201cEl \u00e1rea podr\u00e1 ser afectada por viento Zonda fuerte, con una intensidad entre 50 y 70 km\/h y r\u00e1fagas que podr\u00edan superar localmente los 90 km\/h. Este fen\u00f3meno puede provocar reducci\u00f3n significativa de la visibilidad, un repentino aumento de temperaturas y condiciones de muy baja humedad relativa\u201d<\/em>, puntualizaron desde el SMN.<\/p>\n\n\n\n<p>La jornada tendr\u00e1 una temperatura m\u00ednima de 15 grados y una m\u00e1xima de 32.<\/p>\n\n\n\n<p>Frente a este panorama, la\u00a0<strong>Direcci\u00f3n General de Escuelas<\/strong>\u00a0decidi\u00f3\u00a0suspender las clases presenciales\u00a0en toda la provincia y en todos los turnos.<\/p>\n\n\n\n<p>Defensa Civil, por su parte, recomend\u00f3 a la ciudadan\u00eda tomar precauciones y evitar movilizarse y hacer actividades al aire libre y mantenerse a resguardos frente a posibles contingencias. Adem\u00e1s, resaltaron la importancia de no hacer fuegos, para evitar incendios.<\/p>\n\n\n\n<p>Renov\u00f3 adem\u00e1s la advertencia para este viernes, ya que, \u201cse mantienen las condiciones de circulaci\u00f3n de viento Zonda durante la jornada, afectando: sectores de pre cordillera, departamentos de Zona Sur, Valle de Uco, Gran Mendoza, Zona Norte y Rivadavia\u201d.<\/p>\n\n\n\n<p>Adem\u00e1s, destacaron que en sectores de cordillera se espera un d\u00eda con inestabilidad y con \u201cvientos del Oeste y nevadas\u201d. Para departamentos de la Zona Este hay \u201caltas probabilidades de ocurrencia de viento Zonda\u201d.<\/p>\n\n\n\n<p><strong>La situaci\u00f3n en alta monta\u00f1a<\/strong><\/p>\n\n\n\n<p>El&nbsp;<strong>paso a Chile&nbsp;<\/strong>permanecer\u00e1 cerrado para todo tipo de veh\u00edculos este viernes debido a la inestabilidad en alta monta\u00f1a, as\u00ed lo informaron las autoridades del&nbsp;<strong>Sistema Cristo Redentor<\/strong>.<\/p>\n\n\n\n<p>Por pron\u00f3stico de lluvias y nevadas, las coordinaciones de ambos pa\u00edses procedieron al cierre preventivo durante el viernes y hasta las 8 del s\u00e1bado.<\/p>\n\n\n\n<p>\u201cA partir de las 6 se cierran las barreras en Uspallata del lado argentino y en Guardia Vieja en Chile. Ambas coordinaciones hemos tomado esta decisi\u00f3n\u201d, confirmaron en un comunicado.<\/p>\n\n\n\n<p><strong>Fuente: www.elsol.com.ar<\/strong><\/p>\n","protected":false},"excerpt":{"rendered":"<p>Las advertencias por el&nbsp;Zonda&nbsp;severo que espera&nbsp;Mendoza&nbsp;este viernes fueron en aumento desde la tarde del jueves, cuando el Servicio Meteorol\u00f3gico Nacional (SMN) subi\u00f3 de naranja a roja el alerta por el viento caliente. Antes de las 7 de la ma\u00f1ana, el SMN renov\u00f3 su sistema de alerta temprana y advirti\u00f3 que casi todo el territorio provincial [&hellip;]<\/p>\n","protected":false},"author":2,"featured_media":3143,"comment_status":"open","ping_status":"open","sticky":false,"template":"","format":"standard","meta":[],"categories":[46],"tags":[],"_links":{"self":[{"href":"https:\/\/pasaenmendoza.com\/index.php?rest_route=\/wp\/v2\/posts\/3142"}],"collection":[{"href":"https:\/\/pasaenmendoza.com\/index.php?rest_route=\/wp\/v2\/posts"}],"about":[{"href":"https:\/\/pasaenmendoza.com\/index.php?rest_route=\/wp\/v2\/types\/post"}],"author":[{"embeddable":true,"href":"https:\/\/pasaenmendoza.com\/index.php?rest_route=\/wp\/v2\/users\/2"}],"replies":[{"embeddable":true,"href":"https:\/\/pasaenmendoza.com\/index.php?rest_route=%2Fwp%2Fv2%2Fcomments&post=3142"}],"version-history":[{"count":1,"href":"https:\/\/pasaenmendoza.com\/index.php?rest_route=\/wp\/v2\/posts\/3142\/revisions"}],"predecessor-version":[{"id":3144,"href":"https:\/\/pasaenmendoza.com\/index.php?rest_route=\/wp\/v2\/posts\/3142\/revisions\/3144"}],"wp:featuredmedia":[{"embeddable":true,"href":"https:\/\/pasaenmendoza.com\/index.php?rest_route=\/wp\/v2\/media\/3143"}],"wp:attachment":[{"href":"https:\/\/pasaenmendoza.com\/index.php?rest_route=%2Fwp%2Fv2%2Fmedia&parent=3142"}],"wp:term":[{"taxonomy":"category","embeddable":true,"href":"https:\/\/pasaenmendoza.com\/index.php?rest_route=%2Fwp%2Fv2%2Fcategories&post=3142"},{"taxonomy":"post_tag","embeddable":true,"href":"https:\/\/pasaenmendoza.com\/index.php?rest_route=%2Fwp%2Fv2%2Ftags&post=3142"}],"curies":[{"name":"wp","href":"https:\/\/api.w.org\/{rel}","templated":true}]}}