{"id":3145,"date":"2023-11-17T15:41:52","date_gmt":"2023-11-17T14:41:52","guid":{"rendered":"https:\/\/pasaenmendoza.com\/?p=3145"},"modified":"2023-11-17T15:41:53","modified_gmt":"2023-11-17T14:41:53","slug":"una-camioneta-se-prendio-fuego-en-la-ruta-40","status":"publish","type":"post","link":"https:\/\/pasaenmendoza.com\/?p=3145","title":{"rendered":"Una camioneta se prendi\u00f3 fuego en la Ruta 40"},"content":{"rendered":"\n<p>Quienes transitaban durante la ma\u00f1ana de este viernes por la<strong>\u00a0Ruta 40<\/strong>\u00a0se vieron alertados por una\u00a0<strong>densa columna de humo,<\/strong>\u00a0provocada por el\u00a0<strong>incendio de una camioneta Chevrolet S10.<\/strong><\/p>\n\n\n\n<p>El veh\u00edculo qued\u00f3 parado al costado del camino a la altura de&nbsp;<strong>Agrelo<\/strong>, en&nbsp;<strong>Luj\u00e1n de Cuyo<\/strong>, aproximadamente&nbsp;<strong>a 2 kil\u00f3metros del empalme con la Ruta 7,<\/strong>&nbsp;<strong>mano al Sur.&nbsp;<\/strong>Tuvo un desperfecto mec\u00e1nico y&nbsp;<strong>se prendi\u00f3 fuego.<\/strong><\/p>\n\n\n\n<p>Personal de Seguridad Vial intervino para ordenar el tr\u00e1nsito y los autos y micros que pasaban por el lugar fueron desviados por la calle lateral. El incidente, afortunadamente,&nbsp;<strong>no dej\u00f3 heridos<\/strong>&nbsp;y solo hubo que lamentar las p\u00e9rdidas materiales.<\/p>\n\n\n\n<p>A pocos minutos de comenzadas las llamas, al sitio lleg\u00f3 una dotaci\u00f3n de Bomberos de Luj\u00e1n de Cuyo para lograr consumir las llamas y proseguir con los habituales procedimientos.<\/p>\n\n\n\n<p>En tanto que el habitual flujo de veh\u00edculos que transitan por la Ruta se vio demorado, principalmente por los curiosos que bajaban la velocidad para observar el crudo espect\u00e1culo.\u00a0\u00a0<\/p>\n\n\n\n<p><strong>Fuente: www.mendozapost.com<\/strong><\/p>\n","protected":false},"excerpt":{"rendered":"<p>Quienes transitaban durante la ma\u00f1ana de este viernes por la\u00a0Ruta 40\u00a0se vieron alertados por una\u00a0densa columna de humo,\u00a0provocada por el\u00a0incendio de una camioneta Chevrolet S10. El veh\u00edculo qued\u00f3 parado al costado del camino a la altura de&nbsp;Agrelo, en&nbsp;Luj\u00e1n de Cuyo, aproximadamente&nbsp;a 2 kil\u00f3metros del empalme con la Ruta 7,&nbsp;mano al Sur.&nbsp;Tuvo un desperfecto mec\u00e1nico y&nbsp;se [&hellip;]<\/p>\n","protected":false},"author":2,"featured_media":3146,"comment_status":"open","ping_status":"open","sticky":false,"template":"","format":"standard","meta":[],"categories":[48],"tags":[],"_links":{"self":[{"href":"https:\/\/pasaenmendoza.com\/index.php?rest_route=\/wp\/v2\/posts\/3145"}],"collection":[{"href":"https:\/\/pasaenmendoza.com\/index.php?rest_route=\/wp\/v2\/posts"}],"about":[{"href":"https:\/\/pasaenmendoza.com\/index.php?rest_route=\/wp\/v2\/types\/post"}],"author":[{"embeddable":true,"href":"https:\/\/pasaenmendoza.com\/index.php?rest_route=\/wp\/v2\/users\/2"}],"replies":[{"embeddable":true,"href":"https:\/\/pasaenmendoza.com\/index.php?rest_route=%2Fwp%2Fv2%2Fcomments&post=3145"}],"version-history":[{"count":1,"href":"https:\/\/pasaenmendoza.com\/index.php?rest_route=\/wp\/v2\/posts\/3145\/revisions"}],"predecessor-version":[{"id":3147,"href":"https:\/\/pasaenmendoza.com\/index.php?rest_route=\/wp\/v2\/posts\/3145\/revisions\/3147"}],"wp:featuredmedia":[{"embeddable":true,"href":"https:\/\/pasaenmendoza.com\/index.php?rest_route=\/wp\/v2\/media\/3146"}],"wp:attachment":[{"href":"https:\/\/pasaenmendoza.com\/index.php?rest_route=%2Fwp%2Fv2%2Fmedia&parent=3145"}],"wp:term":[{"taxonomy":"category","embeddable":true,"href":"https:\/\/pasaenmendoza.com\/index.php?rest_route=%2Fwp%2Fv2%2Fcategories&post=3145"},{"taxonomy":"post_tag","embeddable":true,"href":"https:\/\/pasaenmendoza.com\/index.php?rest_route=%2Fwp%2Fv2%2Ftags&post=3145"}],"curies":[{"name":"wp","href":"https:\/\/api.w.org\/{rel}","templated":true}]}}