{"id":3151,"date":"2023-11-17T15:50:57","date_gmt":"2023-11-17T14:50:57","guid":{"rendered":"https:\/\/pasaenmendoza.com\/?p=3151"},"modified":"2023-11-17T15:50:58","modified_gmt":"2023-11-17T14:50:58","slug":"hallaron-a-un-hombre-asesinado-en-su-taller-mecanico-de-las-heras","status":"publish","type":"post","link":"https:\/\/pasaenmendoza.com\/?p=3151","title":{"rendered":"Hallaron a un hombre asesinado en su taller mec\u00e1nico de Las Heras"},"content":{"rendered":"\n<p><strong>Un hombre de 54 a\u00f1os fue encontrado muerto la tarde de este jueves<\/strong>&nbsp;en su casa del barrio Solares de El Borboll\u00f3n y la Justicia e Investigaciones comenzaron a trabajar el caso como un asesinato. Si bien en un principio pensaron que podr\u00eda tratarse de un suicidio, con el paso de las horas confirmaron que la v\u00edctima presentaba fractura de cr\u00e1neo y una lesi\u00f3n cortante en la nuca.<\/p>\n\n\n\n<p>La informaci\u00f3n policial sostiene que el hombre fue identificado como\u00a0<strong>Diego C\u00e9spedes Ortiz,<\/strong>\u00a0domiciliado en la manzana C lote 24 del citado complejo desde hac\u00eda varios a\u00f1os.\u00a0<mark>En el lugar funciona un taller mec\u00e1nico<\/mark>.<\/p>\n\n\n\n<p>Las autoridades tomaron conocimiento del hecho cuando ingres\u00f3 un llamado al 911 de un amigo de&nbsp;<strong>C\u00e9spedes Ortiz<\/strong>&nbsp;a las 18, quien cont\u00f3 que lo hab\u00eda encontrado sin vida y crey\u00f3 que se trataba de un suicidio.&nbsp;<mark>Se bas\u00f3 en el que la v\u00edctima se le coment\u00f3 que se encontraba depresiva y presentaba problemas de consumo de estupefacientes.<\/mark><\/p>\n\n\n\n<p>Justamente, este testigo, quien se moviliza en silla de ruedas, cont\u00f3 que vio a C\u00e9spedes por \u00faltima vez este mi\u00e9rcoles, cuando fue a visitarlo como hac\u00eda peri\u00f3dicamente. Este declarante tambi\u00e9n detall\u00f3 que su amigo ten\u00eda problemas con su hijo que reside en Espa\u00f1a desde hace un tiempo.<\/p>\n\n\n\n<p>As\u00ed las cosas, cuando comenz\u00f3 a trabajar Polic\u00eda Cient\u00edfica y la Unidad Investigativa departamental,&nbsp;<mark>observ\u00f3 que el cad\u00e1ver de C\u00e9spedes presentaba una importante cantidad de sangre a su lado.<\/mark><\/p>\n\n\n\n<p>Cuando trabajaron sobre el cuerpo, detectaron que presentaba una<strong>&nbsp;herida cortante en la nunca con posible fractura de cr\u00e1neo<\/strong>, por lo que comenz\u00f3 a perder fuerza la hip\u00f3tesis de suicidio y a crecer la de asesinato en la fiscal\u00eda de Homicidios de&nbsp;<strong>Carlos Torres.<\/strong><\/p>\n\n\n\n<p>De esta forma, como no faltaban elementos de valor en el domicilio, sospechan que pudo haber protagonizado alguna ri\u00f1a en el lugar.<\/p>\n\n\n\n<p><strong>Fuente: www.elsol.com.ar<\/strong><\/p>\n","protected":false},"excerpt":{"rendered":"<p>Un hombre de 54 a\u00f1os fue encontrado muerto la tarde de este jueves&nbsp;en su casa del barrio Solares de El Borboll\u00f3n y la Justicia e Investigaciones comenzaron a trabajar el caso como un asesinato. Si bien en un principio pensaron que podr\u00eda tratarse de un suicidio, con el paso de las horas confirmaron que la [&hellip;]<\/p>\n","protected":false},"author":2,"featured_media":3152,"comment_status":"open","ping_status":"open","sticky":false,"template":"","format":"standard","meta":[],"categories":[48],"tags":[],"_links":{"self":[{"href":"https:\/\/pasaenmendoza.com\/index.php?rest_route=\/wp\/v2\/posts\/3151"}],"collection":[{"href":"https:\/\/pasaenmendoza.com\/index.php?rest_route=\/wp\/v2\/posts"}],"about":[{"href":"https:\/\/pasaenmendoza.com\/index.php?rest_route=\/wp\/v2\/types\/post"}],"author":[{"embeddable":true,"href":"https:\/\/pasaenmendoza.com\/index.php?rest_route=\/wp\/v2\/users\/2"}],"replies":[{"embeddable":true,"href":"https:\/\/pasaenmendoza.com\/index.php?rest_route=%2Fwp%2Fv2%2Fcomments&post=3151"}],"version-history":[{"count":1,"href":"https:\/\/pasaenmendoza.com\/index.php?rest_route=\/wp\/v2\/posts\/3151\/revisions"}],"predecessor-version":[{"id":3153,"href":"https:\/\/pasaenmendoza.com\/index.php?rest_route=\/wp\/v2\/posts\/3151\/revisions\/3153"}],"wp:featuredmedia":[{"embeddable":true,"href":"https:\/\/pasaenmendoza.com\/index.php?rest_route=\/wp\/v2\/media\/3152"}],"wp:attachment":[{"href":"https:\/\/pasaenmendoza.com\/index.php?rest_route=%2Fwp%2Fv2%2Fmedia&parent=3151"}],"wp:term":[{"taxonomy":"category","embeddable":true,"href":"https:\/\/pasaenmendoza.com\/index.php?rest_route=%2Fwp%2Fv2%2Fcategories&post=3151"},{"taxonomy":"post_tag","embeddable":true,"href":"https:\/\/pasaenmendoza.com\/index.php?rest_route=%2Fwp%2Fv2%2Ftags&post=3151"}],"curies":[{"name":"wp","href":"https:\/\/api.w.org\/{rel}","templated":true}]}}