{"id":3154,"date":"2023-11-21T13:10:48","date_gmt":"2023-11-21T12:10:48","guid":{"rendered":"https:\/\/pasaenmendoza.com\/?p=3154"},"modified":"2023-11-21T13:10:49","modified_gmt":"2023-11-21T12:10:49","slug":"para-julio-cobos-la-pelea-entre-el-radicalismo-y-mauricio-macri-no-ayudo","status":"publish","type":"post","link":"https:\/\/pasaenmendoza.com\/?p=3154","title":{"rendered":"Para Julio Cobos, &#8220;la pelea entre el radicalismo y Mauricio Macri no ayud\u00f3&#8221;"},"content":{"rendered":"\n<p>El diputado nacional y exvicepresidente se refiri\u00f3 a la victoria de Javier Milei y analiz\u00f3 c\u00f3mo se reconfigurar\u00e1 el escensario pol\u00edtica, especialmente en Juntos por el Cambio.<\/p>\n\n\n\n<p><strong>Julio<\/strong>\u00a0<strong>Cobos<\/strong>, diputado nacional que tambi\u00e9n supo desempe\u00f1arse como gobernador de Mendoza y vicepresidente de la Naci\u00f3n en el primer mandato de Cristina Fern\u00e1ndez Kirchner, analiz\u00f3 el reciente triunfo de\u00a0<strong>Javier Milei<\/strong>, quien a partir del 10 de diciembre se convertir\u00e1 en presidente de la Naci\u00f3n.\u00a0<strong>Cobos\u00a0<\/strong>dialog\u00f3 con\u00a0<strong><em>MDZ\u00a0<\/em><\/strong>y, entre otras cuestiones abordadas, lament\u00f3 la feroz pelea desatada entre la Uni\u00f3n C\u00edvica Radical (UCR) -su partido- y el PRO en los d\u00edas posteriores a la elecci\u00f3n general perdida por Juntos por el Cambio. Sobre ese punto, ahond\u00f3 en que la disputa que tuvo como protagonista a Mauricio Macri vs. el gobernador juje\u00f1o, Gerardo Morales, y el\u00a0senador nacional Mart\u00edn Lousteau, &#8220;no ayud\u00f3&#8221;. &#8220;Los problemas nuestros nos llevaron al fracaso el 22 de octubre&#8221;, asegur\u00f3. En tanto, en lo que respecta a la derrota de Uni\u00f3n por la Patria, subray\u00f3 que &#8220;es dif\u00edcil terminar el kirchnerismo en su concepci\u00f3n&#8221;.<\/p>\n\n\n\n<p><strong>&#8211; \u00bfQu\u00e9 significa para usted el reciente triunfo de Javier Milei?<\/strong><br>&#8211; El voto de\u00a0<strong>Milei\u00a0<\/strong>representa el profundo cambio, a\u00fan con incertidumbre. El hartazgo hacia un gobierno que tuvo una nueva oportunidad despu\u00e9s de la derrota que sufri\u00f3 Macri y no lo supo aprovechar, con consecuencias econ\u00f3micas y sociales. Prim\u00f3 la esperanza sobre el miedo y el hartazgo generado por Alberto Fern\u00e1ndez y Cristina Fern\u00e1ndez de Kirchner.<\/p>\n\n\n\n<p><strong>&#8211; \u00bfLo felicit\u00f3? Ambos se desempe\u00f1an en la C\u00e1mara de Diputados.<\/strong><br>&#8211; Lo hice en las redes sociales porque no tengo confianza con \u00e9l. No tengo su tel\u00e9fono ni allegados para transmitirle. S\u00ed\u00a0lo hice p\u00fablicamente al desearle \u00e9xitos en la gesti\u00f3n.<\/p>\n\n\n\n<p><strong>&#8211; Considerando la reconfiguraci\u00f3n del escenario, \u00bflo ocurrido este \u00faltimo tiempo podr\u00eda significar el fin de Juntos por el Cambio?<\/strong><br>&#8211; Como lo conocemos hoy ya no existe m\u00e1s\u00a0porque la Coalici\u00f3n C\u00edvica, que era de las cuatro patas, ya dijo que no pertenece m\u00e1s a Juntos por el Cambio. Veremos\u00a0qu\u00e9 decisi\u00f3n toma el PRO sobre constituir, a lo mejor, un bloque con los libertaros, atento a que\u00a0hay incorporaci\u00f3n de figura todav\u00eda no confirmadas. Por lo tanto, se abre una un nuevo escenario que tendremos que empezar a discutir y lo haremos este martes en Diputados. Los gobernadores de JxC tendr\u00e1 que evaluar esta situaci\u00f3n y, entre todos, decidir.<\/p>\n\n\n\n<p><strong>&#8211; \u00bfQu\u00e9 va a pasar con la Uni\u00f3n C\u00edvica Radical (UCR)?<\/strong><br>&#8211; Nosotros lo primero que tenemos que hacer en la UCR es&nbsp;unificarla. Hemos estado divididos con Evoluci\u00f3n Radical. Si se puede lograr, ser\u00eda un bombazo. Ahora, por lo menos desde que yo estoy como diputado hace dos a\u00f1os, no ha habido un presidente de interbloque como pudo ser en el Senado con Alfredo Cornejo. Est\u00e1n Juan Manuel L\u00f3pez de la CC, Cristian Ritondo del PRO y Mario Negri por la UCR en los bloques. Tratamos de acordar, pero pudimos en muy pocas cosas. \u00c9ramos oposici\u00f3n y ahora lo seremos porque perdimos las elecciones. Creo que vamos a seguir dialogando con todos los sectores, pero habr\u00e1 ver que fichas mueve el PRO. Si quiere insistir en la alianza en la alianza con el radicalismo o con los 38 diputados de La Libertad Avanza. Con todos estas cosas y la opini\u00f3n de los gobernadores, tendremos que evaluarlo r\u00e1pidamente. Pero, para garant\u00eda de todos, la UCR siempre ha tomado posturas racionales.&nbsp;<\/p>\n\n\n\n<p>-Es m\u00e1s, cuando tomaban&nbsp;una opini\u00f3n anticipada tanto la Coalici\u00f3n C\u00edvica como el PRO, nosotros sal\u00edamos a tratar de acomodar las cosas para no mostrar diferencias&nbsp;porque est\u00e1bamos conformando una posibilidad de transformarnos en&nbsp;alternativa. La UCR tiene historia y tiene dirigentes que comprenden estas. Entonces que hay que darle la derecha a un nuevo gobierno. Por ejemplo, el paso fundamental es el Presupuesto. Nosotros siempre hemos tratado de darle al Gobierno de turno el Presupuesto, a lo mejor votando art\u00edculos que nos exceden en nuestra convicciones. La UCR siempre va a tener una postura racional. Tenemos 5 gobernadores y muchos m\u00e1s intendentes, que son los que m\u00e1s poder territorial tienen.<\/p>\n\n\n\n<p><strong>&#8211; Despu\u00e9s de la tensi\u00f3n creada en Juntos por el Cambio tras las elecciones generales, hubo insultos cruzados y peleas de gran calibre -por ejemplo- entre el gobernador juje\u00f1o y titular del partido, Gerardo Morales, y el expresidente Mauricio Macri. \u00bfSe puede recomponer esa relaci\u00f3n?<\/strong><br>&#8211; Nosotros siempre tratamos de mantenernos al margen de toda esa discusi\u00f3n.&nbsp;La pelea entre la UCR y Mauricio Macri no ayud\u00f3. Tampoco con algunos dirigentes de peso del PRO. Pero en pol\u00edtica todo es posible y deberemos hacer el esfuerzo. En este caso, me parece que el que tiene que tomar una decisi\u00f3n es el PRO para ver si quiere seguir con el radicalismo o dar un salto a La Libertad Avanza para acompa\u00f1ar al presidente electo.<\/p>\n\n\n\n<p><strong>&#8211; \u00bfMauricio Macri es el gran ganador en todo esto?<\/strong><br>&#8211; Le acert\u00f3 en el sentido de que su apoyo coincidi\u00f3 con el triunfo de Milei. Igualmente, creo que los que votaron a JxC en octubre, gran parte se iba ir igual a Milei, independientemente de Macri. Lo que s\u00ed, la fiscalizaci\u00f3n pudo haber facilitado. Si Macri no lo hubiera hecho, creo que Javier Milei hubiese acariciado el triunfo igual por las caracter\u00edsticas que ten\u00edan los votantes de Juan Schiaretti en C\u00f3rdoba y los de Juntos por el Cambio, que hace un a\u00f1o era la alternativa que ganaba en primera vuelta. Pero bueno, problemas nuestros nos llevaron al fracaso el 22 de octubre.<\/p>\n\n\n\n<p><strong>&#8211; \u00bfEl aporte de Juntos por el Cambio puede hacer que Javier Milei &#8220;baje los decibeles&#8221; en la aplicaci\u00f3n de la &#8220;motosierra&#8221;?<\/strong><br>&#8211; Creo que ya lo ha hecho, por lo menos en su forma de expresarse. Eso viene bien y lo he notado m\u00e1s tranquilo y con la responsabilidad de presidente. Ahora, creo que es fundamental la transici\u00f3n, que es responsabilidad absoluta del Gobierno. Implica consultar con los futuros ministros del presidente electo para ver si se van a tomar medidas estructurales y que vayan en sinton\u00eda con la propuesta de Gobierno. Milei, por ahora est\u00e1 diciendo algunas cosas, como las privatizaciones de algunas empresas, lo cual ha impactado bien en la cotizaci\u00f3n. Pero la cuesti\u00f3n de fondo es el Presupuesto, de cu\u00e1nto es el d\u00e9ficit que se prev\u00e9, la inflaci\u00f3n, si va a unificar el tipo de cambio y cu\u00e1ndo&#8230; Son las medidas estructurales que todos estamos esperando para sanear la econom\u00eda. Estos son los cambios que tiene que realizar y dentro de los primeros seis meses. Lo que no hace un gobernador o un presidente dentro de los primeros seis meses, despu\u00e9s cuesta mucho porque es cuando m\u00e1s poder y confianza tiene.<\/p>\n\n\n\n<p><strong>&#8211; \u00bfQu\u00e9 etapa viene para el kirchnerismo? \u00bfSe termin\u00f3?<\/strong><br>&#8211; El kirchnerismo se termina cuando viene alguien que lo supera [risas]. Est\u00e1 en\u00a0<strong>Milei\u00a0<\/strong>la posibilidad. Es dif\u00edcil terminar el kirchnerismo en su concepci\u00f3n. Ahora, para que vuelva a ser gobierno, no tiene que tener una buena gesti\u00f3n Milei. Si no, quedar\u00e1 en una expresi\u00f3n de deseo. Hay que ver si el peronismo si se comienza a reconstruir a partir de otras improntas que no sean del kirchnerismo. Pueden ser los gobernadores o la figura de Juan Schiaretti, tratando de orientar a sus afiliados a una visi\u00f3n distinta que puede tener el peronismo.<\/p>\n\n\n\n<p>FUENTE: Mdzonline.<\/p>\n","protected":false},"excerpt":{"rendered":"<p>El diputado nacional y exvicepresidente se refiri\u00f3 a la victoria de Javier Milei y analiz\u00f3 c\u00f3mo se reconfigurar\u00e1 el escensario pol\u00edtica, especialmente en Juntos por el Cambio. Julio\u00a0Cobos, diputado nacional que tambi\u00e9n supo desempe\u00f1arse como gobernador de Mendoza y vicepresidente de la Naci\u00f3n en el primer mandato de Cristina Fern\u00e1ndez Kirchner, analiz\u00f3 el reciente triunfo [&hellip;]<\/p>\n","protected":false},"author":2,"featured_media":3155,"comment_status":"open","ping_status":"open","sticky":true,"template":"","format":"standard","meta":[],"categories":[47],"tags":[],"_links":{"self":[{"href":"https:\/\/pasaenmendoza.com\/index.php?rest_route=\/wp\/v2\/posts\/3154"}],"collection":[{"href":"https:\/\/pasaenmendoza.com\/index.php?rest_route=\/wp\/v2\/posts"}],"about":[{"href":"https:\/\/pasaenmendoza.com\/index.php?rest_route=\/wp\/v2\/types\/post"}],"author":[{"embeddable":true,"href":"https:\/\/pasaenmendoza.com\/index.php?rest_route=\/wp\/v2\/users\/2"}],"replies":[{"embeddable":true,"href":"https:\/\/pasaenmendoza.com\/index.php?rest_route=%2Fwp%2Fv2%2Fcomments&post=3154"}],"version-history":[{"count":1,"href":"https:\/\/pasaenmendoza.com\/index.php?rest_route=\/wp\/v2\/posts\/3154\/revisions"}],"predecessor-version":[{"id":3156,"href":"https:\/\/pasaenmendoza.com\/index.php?rest_route=\/wp\/v2\/posts\/3154\/revisions\/3156"}],"wp:featuredmedia":[{"embeddable":true,"href":"https:\/\/pasaenmendoza.com\/index.php?rest_route=\/wp\/v2\/media\/3155"}],"wp:attachment":[{"href":"https:\/\/pasaenmendoza.com\/index.php?rest_route=%2Fwp%2Fv2%2Fmedia&parent=3154"}],"wp:term":[{"taxonomy":"category","embeddable":true,"href":"https:\/\/pasaenmendoza.com\/index.php?rest_route=%2Fwp%2Fv2%2Fcategories&post=3154"},{"taxonomy":"post_tag","embeddable":true,"href":"https:\/\/pasaenmendoza.com\/index.php?rest_route=%2Fwp%2Fv2%2Ftags&post=3154"}],"curies":[{"name":"wp","href":"https:\/\/api.w.org\/{rel}","templated":true}]}}